{"id":15424,"date":"2024-09-26T14:37:04","date_gmt":"2024-09-26T14:37:04","guid":{"rendered":"https:\/\/millitv.net\/?p=15424"},"modified":"2024-09-26T14:37:05","modified_gmt":"2024-09-26T14:37:05","slug":"nadir-ayanla-esq-yasamasi-il%C9%99-bagli-saiy%C9%99d%C9%99n-danisdi-artiq-ondan-uzaq-qaciram","status":"publish","type":"post","link":"https:\/\/millitv.net\/?p=15424","title":{"rendered":"Nadir Ayanla e\u015fq ya\u015famas\u0131 il\u0259 ba\u011fl\u0131 \u015faiy\u0259d\u0259n dan\u0131\u015fd\u0131: &#8220;Art\u0131q ondan uzaq qa\u00e7\u0131ram&#8221;"},"content":{"rendered":"\n<p><strong>M\u00fc\u011f\u0259nni Nadir Qafarzad\u0259 h\u0259mkar\u0131 v\u0259 duet orta\u011f\u0131 Ayan Babaki\u015fiyeva il\u0259 ba\u011fl\u0131 \u00f6z\u00fcn\u0259 qada\u011fa qoyub.<\/strong><\/p>\n\n\n\n<p>Bu haqda s\u0259n\u0259t\u00e7i Ayanla birg\u0259 qonaq oldu\u011fu \u201cH\u0259min Zaur\u201d verili\u015find\u0259 dan\u0131\u015f\u0131b.<\/p>\n\n\n\n<p><strong>Qafarzad\u0259 bildirib ki, buna s\u0259b\u0259b sosial \u015f\u0259b\u0259k\u0259l\u0259rd\u0259 Babaki\u015fiyeva il\u0259 onun e\u015fq ya\u015famas\u0131 il\u0259 ba\u011fl\u0131 yay\u0131lan \u015faiy\u0259l\u0259rdir:<\/strong><\/p>\n\n\n\n<p><em>\u201cAyana art\u0131q he\u00e7 bir kompliment d\u0259y\u0259 bilmir\u0259m \u00e7\u00fcnki o d\u0259qiq\u0259 s\u00f6zl\u0259rimi ba\u015fqa yerl\u0259r\u0259 yozurlar v\u0259 m\u0259nd\u0259 \u0259s\u0259bil\u0259\u015fir\u0259m. Bu g\u00fcn d\u0259 bu haqda sosial \u015f\u0259b\u0259k\u0259d\u0259 yaz\u0131lar oxumu\u015fam. \u0130kimizin ad\u0131 yan-yana \u00e7\u0259kilir. Bizd\u0259n \u0259l \u00e7\u0259kmirl\u0259r. \u018fslind\u0259 bu yax\u015f\u0131d\u0131r. B\u00f6y\u00fck v\u0259 dahi insanlar haqq\u0131nda dan\u0131\u015fmaq yax\u015f\u0131d\u0131r. Qoy dan\u0131\u015fs\u0131nlar. Amma d\u00fcz\u00fcn\u0259 v\u0259 haqq\u0131na dan\u0131\u015fs\u0131nlar. Ay\u0131nd\u0131r! Ayan m\u0259nim s\u0259n\u0259t dostumdur. M\u0259n haqq\u0131m\u0131zda deyil\u0259nl\u0259ri dan\u0131\u015fmaq ist\u0259mir\u0259m. \u0130nsanlar bilirl\u0259r bu n\u0259 m\u00f6vzudur. Amma haqs\u0131z dan\u0131\u015fmaq b\u00f6y\u00fck g\u00fcnahd\u0131r. Haqqa girm\u0259k do\u011fru v\u0259 d\u00fczg\u00fcn deyil. Biz m\u00fcs\u0259lman\u0131q. Amma b\u0259zil\u0259rind\u0259 m\u00fcs\u0259lmanl\u0131\u011f\u0131n \u201cm\u201d h\u0259rifi yoxdur. H\u0259qiq\u0259tl\u0259ri bilm\u0259d\u0259n insanlar nec\u0259 bel\u0259 \u015feyl\u0259r dan\u0131\u015f\u0131rlar. Art\u0131q Ayandan uzaq qa\u00e7\u0131ram. \u00c7\u00fcnki qorxuram ki, yen\u0259 n\u0259l\u0259rs\u0259 dan\u0131\u015facaqlar\u201d.<\/em><\/p>\n\n\n\n<p><strong>Nadirin bu s\u00f6zl\u0259rin\u0259 cavab olaraq Ayan bu m\u00f6vzuda fikirl\u0259rini bel\u0259 n\u0259ql edib:<\/strong><\/p>\n\n\n\n<p><em>\u201cD\u00fc\u015f\u00fcn\u00fcr\u0259m ki, kim \u00f6z\u00fcn\u00fc h\u0259r zaman m\u00fcdafi\u0259 edirs\u0259 ba\u015fqa m\u00f6vzuya y\u00f6n al\u0131r. Kim n\u0259 ist\u0259yirs\u0259 d\u00fc\u015f\u00fcns\u00fcn. \u00d6n\u0259mli olan h\u0259r k\u0259sin \u00f6z\u00fcn\u00fc tan\u0131mas\u0131d\u0131r. M\u0259nim Nadir\u0259 olan m\u00fcnasib\u0259timi yax\u0131n \u00e7evr\u0259m \u00e7ox g\u00f6z\u0259l bilir. El\u0259c\u0259 d\u0259 onun m\u0259n\u0259 olan m\u00fcnasib\u0259tini&#8230; T\u0259bii ki, s\u0259hn\u0259d\u0259 biz bir obraz yarad\u0131r\u0131q. Orada da bir s\u0259hn\u0259 qururuq. Nadir \u00e7ox g\u00f6z\u0259l ail\u0259si var. M\u0259nim \u00e7ox g\u00f6z\u0259l ail\u0259m var. Dostlu\u011fumuz davam edir. He\u00e7 kim narahat olmas\u0131n. Laz\u0131m olanda el m\u0259clisl\u0259rind\u0259, konsertl\u0259rd\u0259 d\u0259 i\u015ftirak edirik\u201d.<\/em>\/\/Olay.az<\/p>\n\n\n\n<p><a href=\"https:\/\/ok.ru\/videoembed\/7462191761929\" target=\"_blank\" rel=\"noopener\">https:\/\/ok.ru\/videoembed\/7462191761929<\/a><\/p>\n","protected":false},"excerpt":{"rendered":"<p>M\u00fc\u011f\u0259nni Nadir Qafarzad\u0259 h\u0259mkar\u0131 v\u0259 duet orta\u011f\u0131 Ayan Babaki\u015fiyeva il\u0259 ba\u011fl\u0131 \u00f6z\u00fcn\u0259 qada\u011fa qoyub. Bu haqda s\u0259n\u0259t\u00e7i Ayanla birg\u0259 qonaq oldu\u011fu \u201cH\u0259min Zaur\u201d verili\u015find\u0259 dan\u0131\u015f\u0131b. Qafarzad\u0259 bildirib ki, buna s\u0259b\u0259b sosial \u015f\u0259b\u0259k\u0259l\u0259rd\u0259 Babaki\u015fiyeva il\u0259 onun e\u015fq ya\u015famas\u0131 il\u0259 ba\u011fl\u0131 yay\u0131lan \u015faiy\u0259l\u0259rdir: \u201cAyana art\u0131q he\u00e7 bir kompliment d\u0259y\u0259 bilmir\u0259m \u00e7\u00fcnki o d\u0259qiq\u0259 s\u00f6zl\u0259rimi ba\u015fqa yerl\u0259r\u0259 yozurlar &hellip;<\/p>\n","protected":false},"author":1,"featured_media":15425,"comment_status":"open","ping_status":"closed","sticky":false,"template":"","format":"standard","meta":{"footnotes":""},"categories":[6,3],"tags":[],"class_list":["post-15424","post","type-post","status-publish","format-standard","has-post-thumbnail","hentry","category-maqazin","category-olke"],"_links":{"self":[{"href":"https:\/\/millitv.net\/index.php?rest_route=\/wp\/v2\/posts\/15424","targetHints":{"allow":["GET"]}}],"collection":[{"href":"https:\/\/millitv.net\/index.php?rest_route=\/wp\/v2\/posts"}],"about":[{"href":"https:\/\/millitv.net\/index.php?rest_route=\/wp\/v2\/types\/post"}],"author":[{"embeddable":true,"href":"https:\/\/millitv.net\/index.php?rest_route=\/wp\/v2\/users\/1"}],"replies":[{"embeddable":true,"href":"https:\/\/millitv.net\/index.php?rest_route=%2Fwp%2Fv2%2Fcomments&post=15424"}],"version-history":[{"count":1,"href":"https:\/\/millitv.net\/index.php?rest_route=\/wp\/v2\/posts\/15424\/revisions"}],"predecessor-version":[{"id":15426,"href":"https:\/\/millitv.net\/index.php?rest_route=\/wp\/v2\/posts\/15424\/revisions\/15426"}],"wp:featuredmedia":[{"embeddable":true,"href":"https:\/\/millitv.net\/index.php?rest_route=\/wp\/v2\/media\/15425"}],"wp:attachment":[{"href":"https:\/\/millitv.net\/index.php?rest_route=%2Fwp%2Fv2%2Fmedia&parent=15424"}],"wp:term":[{"taxonomy":"category","embeddable":true,"href":"https:\/\/millitv.net\/index.php?rest_route=%2Fwp%2Fv2%2Fcategories&post=15424"},{"taxonomy":"post_tag","embeddable":true,"href":"https:\/\/millitv.net\/index.php?rest_route=%2Fwp%2Fv2%2Ftags&post=15424"}],"curies":[{"name":"wp","href":"https:\/\/api.w.org\/{rel}","templated":true}]}}