{"id":15409,"date":"2024-09-26T09:29:51","date_gmt":"2024-09-26T09:29:51","guid":{"rendered":"https:\/\/millitv.net\/?p=15409"},"modified":"2024-09-26T09:29:54","modified_gmt":"2024-09-26T09:29:54","slug":"zaur-kamalin-oglu-da-metro-il%C9%99-g%C9%99lib-ged%C9%99r-video","status":"publish","type":"post","link":"https:\/\/millitv.net\/?p=15409","title":{"rendered":"\u00a0Zaur Kamal\u0131n o\u011flu da metro il\u0259 g\u0259lib-ged\u0259r? &#8211; V\u0130DEO"},"content":{"rendered":"\n<p><strong>Televiziya apar\u0131c\u0131s\u0131 Zaur Kamal yenic\u0259 universitet\u0259 daxil olan o\u011flu Bartudan dan\u0131\u015f\u0131b.<\/strong><\/p>\n\n\n\n<p>O\u011flunu da \u00f6z\u00fc il\u0259 birg\u0259 \u201cH\u0259min Zaur\u201d proqram\u0131na \u00e7\u0131xaran apar\u0131c\u0131 \u00f6vlad\u0131n\u0131n ictimai n\u0259qliyyatdan istifad\u0259 etdiyini deyib:<\/p>\n\n\n\n<p>\u201cBartu d\u00fcn\u0259n efir\u0259 \u00e7\u0131x\u0131b g\u0259lib evd\u0259 deyir ki, ata, m\u0259n universitetd\u0259 g\u0259z\u0259 bilmir\u0259m. Universitetd\u0259 deyirl\u0259r ki, Zaur Kamal\u0131n o\u011flu da metro il\u0259 g\u0259lib-ged\u0259r?\u201d<\/p>\n\n\n\n<p>Bartu Kamal is\u0259 cavab\u0131nda sad\u0259 insan oldu\u011funu bildirib:<\/p>\n\n\n\n<p>\u201cM\u0259n d\u0259 deyir\u0259m ki, biz d\u0259 insan\u0131q. Metro yax\u015f\u0131d\u0131r, t\u0131xac-filan olmur. Ayr\u0131-se\u00e7kilik olmaz, ham\u0131m\u0131z sad\u0259 insanlar\u0131q\u201d.<\/p>\n\n\n\n<p>Qeyd ed\u0259k ki, teleapar\u0131c\u0131n\u0131n \u00f6vlad\u0131 bu il Bak\u0131 D\u00f6vl\u0259t Universitetinin jurnalistika fak\u00fclt\u0259sin\u0259 daxil olub. O, atas\u0131 kimi televiziya apar\u0131c\u0131s\u0131 olmaq niy\u0259tind\u0259dir.<\/p>\n\n\n\n<p><a href=\"https:\/\/player.bax.tv\/embed\/201487.html?utm_source=playerden&amp;utm_medium=paylasim&amp;utm_campaign=son-xeberler\" target=\"_blank\" rel=\"noopener\">https:\/\/player.bax.tv\/embed\/201487.html?<\/a><\/p>\n\n\n\n<p>Yenisabah.az<\/p>\n","protected":false},"excerpt":{"rendered":"<p>Televiziya apar\u0131c\u0131s\u0131 Zaur Kamal yenic\u0259 universitet\u0259 daxil olan o\u011flu Bartudan dan\u0131\u015f\u0131b. O\u011flunu da \u00f6z\u00fc il\u0259 birg\u0259 \u201cH\u0259min Zaur\u201d proqram\u0131na \u00e7\u0131xaran apar\u0131c\u0131 \u00f6vlad\u0131n\u0131n ictimai n\u0259qliyyatdan istifad\u0259 etdiyini deyib: \u201cBartu d\u00fcn\u0259n efir\u0259 \u00e7\u0131x\u0131b g\u0259lib evd\u0259 deyir ki, ata, m\u0259n universitetd\u0259 g\u0259z\u0259 bilmir\u0259m. Universitetd\u0259 deyirl\u0259r ki, Zaur Kamal\u0131n o\u011flu da metro il\u0259 g\u0259lib-ged\u0259r?\u201d Bartu Kamal is\u0259 cavab\u0131nda sad\u0259 &hellip;<\/p>\n","protected":false},"author":1,"featured_media":15410,"comment_status":"open","ping_status":"closed","sticky":false,"template":"","format":"standard","meta":{"footnotes":""},"categories":[6,3],"tags":[],"class_list":["post-15409","post","type-post","status-publish","format-standard","has-post-thumbnail","hentry","category-maqazin","category-olke"],"_links":{"self":[{"href":"https:\/\/millitv.net\/index.php?rest_route=\/wp\/v2\/posts\/15409","targetHints":{"allow":["GET"]}}],"collection":[{"href":"https:\/\/millitv.net\/index.php?rest_route=\/wp\/v2\/posts"}],"about":[{"href":"https:\/\/millitv.net\/index.php?rest_route=\/wp\/v2\/types\/post"}],"author":[{"embeddable":true,"href":"https:\/\/millitv.net\/index.php?rest_route=\/wp\/v2\/users\/1"}],"replies":[{"embeddable":true,"href":"https:\/\/millitv.net\/index.php?rest_route=%2Fwp%2Fv2%2Fcomments&post=15409"}],"version-history":[{"count":1,"href":"https:\/\/millitv.net\/index.php?rest_route=\/wp\/v2\/posts\/15409\/revisions"}],"predecessor-version":[{"id":15411,"href":"https:\/\/millitv.net\/index.php?rest_route=\/wp\/v2\/posts\/15409\/revisions\/15411"}],"wp:featuredmedia":[{"embeddable":true,"href":"https:\/\/millitv.net\/index.php?rest_route=\/wp\/v2\/media\/15410"}],"wp:attachment":[{"href":"https:\/\/millitv.net\/index.php?rest_route=%2Fwp%2Fv2%2Fmedia&parent=15409"}],"wp:term":[{"taxonomy":"category","embeddable":true,"href":"https:\/\/millitv.net\/index.php?rest_route=%2Fwp%2Fv2%2Fcategories&post=15409"},{"taxonomy":"post_tag","embeddable":true,"href":"https:\/\/millitv.net\/index.php?rest_route=%2Fwp%2Fv2%2Ftags&post=15409"}],"curies":[{"name":"wp","href":"https:\/\/api.w.org\/{rel}","templated":true}]}}