{"id":15380,"date":"2024-09-25T14:08:57","date_gmt":"2024-09-25T14:08:57","guid":{"rendered":"https:\/\/millitv.net\/?p=15380"},"modified":"2024-09-25T14:08:59","modified_gmt":"2024-09-25T14:08:59","slug":"h%C9%99yatimda-biri-var-h%C9%99r-saniy%C9%99-m%C9%99tan%C9%99t-es%C9%99dovani-kim-izl%C9%99yir","status":"publish","type":"post","link":"https:\/\/millitv.net\/?p=15380","title":{"rendered":"&#8220;H\u0259yat\u0131mda biri var, h\u0259r saniy\u0259&#8230;&#8221;- M\u0259tan\u0259t \u018fs\u0259dovan\u0131 kim izl\u0259yir?"},"content":{"rendered":"\n<p><strong>&#8220;M\u0259nim s\u0259sim trend olur v\u0259 ham\u0131 pul qazan\u0131r&#8221;.<\/strong><\/p>\n\n\n\n<p>Millitv.net<strong>\u00a0<\/strong>ax\u015fam.az-a istinad\u0259n x\u0259b\u0259r verir ki, bu s\u00f6zl\u0259ri m\u00fc\u011f\u0259nni M\u0259tan\u0259t \u018fs\u0259dova &#8220;7 tamam&#8221; proqram\u0131nda deyib. S\u0259n\u0259t\u00e7i efird\u0259 dediyi s\u00f6zl\u0259rin daha sonra TikTok-da yay\u0131l\u0131b, trend olmas\u0131ndan dan\u0131\u015f\u0131b. O bildirib ki, insanlar onun s\u0259si il\u0259 pul qazan\u0131rlar.<\/p>\n\n\n\n<p>&#8220;Ona g\u00f6r\u0259 d\u0259 s\u00f6z vermi\u015f\u0259m ki, daha verili\u015fl\u0259rd\u0259 dan\u0131\u015fmayaca\u011fam&#8221; dey\u0259, \u018fs\u0259dova \u0259lav\u0259 edib.<\/p>\n\n\n\n<p>\u015e\u0259xsi h\u0259yat\u0131 il\u0259 ba\u011fl\u0131 suallara is\u0259 ifa\u00e7\u0131 &#8220;H\u0259yat\u0131mda biri var. H\u0259r saniy\u0259mi izl\u0259yir&#8221; cavab\u0131n\u0131 verib<\/p>\n","protected":false},"excerpt":{"rendered":"<p>&#8220;M\u0259nim s\u0259sim trend olur v\u0259 ham\u0131 pul qazan\u0131r&#8221;. Millitv.net\u00a0ax\u015fam.az-a istinad\u0259n x\u0259b\u0259r verir ki, bu s\u00f6zl\u0259ri m\u00fc\u011f\u0259nni M\u0259tan\u0259t \u018fs\u0259dova &#8220;7 tamam&#8221; proqram\u0131nda deyib. S\u0259n\u0259t\u00e7i efird\u0259 dediyi s\u00f6zl\u0259rin daha sonra TikTok-da yay\u0131l\u0131b, trend olmas\u0131ndan dan\u0131\u015f\u0131b. O bildirib ki, insanlar onun s\u0259si il\u0259 pul qazan\u0131rlar. &#8220;Ona g\u00f6r\u0259 d\u0259 s\u00f6z vermi\u015f\u0259m ki, daha verili\u015fl\u0259rd\u0259 dan\u0131\u015fmayaca\u011fam&#8221; dey\u0259, \u018fs\u0259dova \u0259lav\u0259 edib. &hellip;<\/p>\n","protected":false},"author":1,"featured_media":15381,"comment_status":"open","ping_status":"closed","sticky":false,"template":"","format":"standard","meta":{"footnotes":""},"categories":[6,3],"tags":[],"class_list":["post-15380","post","type-post","status-publish","format-standard","has-post-thumbnail","hentry","category-maqazin","category-olke"],"_links":{"self":[{"href":"https:\/\/millitv.net\/index.php?rest_route=\/wp\/v2\/posts\/15380","targetHints":{"allow":["GET"]}}],"collection":[{"href":"https:\/\/millitv.net\/index.php?rest_route=\/wp\/v2\/posts"}],"about":[{"href":"https:\/\/millitv.net\/index.php?rest_route=\/wp\/v2\/types\/post"}],"author":[{"embeddable":true,"href":"https:\/\/millitv.net\/index.php?rest_route=\/wp\/v2\/users\/1"}],"replies":[{"embeddable":true,"href":"https:\/\/millitv.net\/index.php?rest_route=%2Fwp%2Fv2%2Fcomments&post=15380"}],"version-history":[{"count":1,"href":"https:\/\/millitv.net\/index.php?rest_route=\/wp\/v2\/posts\/15380\/revisions"}],"predecessor-version":[{"id":15382,"href":"https:\/\/millitv.net\/index.php?rest_route=\/wp\/v2\/posts\/15380\/revisions\/15382"}],"wp:featuredmedia":[{"embeddable":true,"href":"https:\/\/millitv.net\/index.php?rest_route=\/wp\/v2\/media\/15381"}],"wp:attachment":[{"href":"https:\/\/millitv.net\/index.php?rest_route=%2Fwp%2Fv2%2Fmedia&parent=15380"}],"wp:term":[{"taxonomy":"category","embeddable":true,"href":"https:\/\/millitv.net\/index.php?rest_route=%2Fwp%2Fv2%2Fcategories&post=15380"},{"taxonomy":"post_tag","embeddable":true,"href":"https:\/\/millitv.net\/index.php?rest_route=%2Fwp%2Fv2%2Ftags&post=15380"}],"curies":[{"name":"wp","href":"https:\/\/api.w.org\/{rel}","templated":true}]}}