{"id":15337,"date":"2024-09-24T07:43:10","date_gmt":"2024-09-24T07:43:10","guid":{"rendered":"https:\/\/millitv.net\/?p=15337"},"modified":"2024-09-24T07:43:12","modified_gmt":"2024-09-24T07:43:12","slug":"az%C9%99rbaycanli-aparici-liftde-afrikali-oglanla-video","status":"publish","type":"post","link":"https:\/\/millitv.net\/?p=15337","title":{"rendered":"Az\u0259rbaycanl\u0131 apar\u0131c\u0131 L\u0130FTD\u018f afrikal\u0131 o\u011flanla&#8230; &#8211; V\u0130DEO"},"content":{"rendered":"\n<p><strong>Apar\u0131c\u0131 \u00c7inar\u0259 \u018fliyevan\u0131n ill\u0259r \u00f6nc\u0259y\u0259 aid videog\u00f6r\u00fcnt\u00fcs\u00fc b\u00f6y\u00fck maraq do\u011furub.<\/strong><\/p>\n\n\n\n<p><a href=\"https:\/\/www.titul.az\/news\/3446\/\" target=\"_blank\" rel=\"noopener\">Titul.az<\/a>\u00a0x\u0259b\u0259r verir ki, kadrda apar\u0131c\u0131n\u0131n afrikal\u0131 g\u0259ncl\u0259 liftd\u0259 dialoqu \u0259ks olunub<\/p>\n\n\n\n<p>H\u0259min kadrlar\u0131 t\u0259qdim edirik:<\/p>\n\n\n\n<figure class=\"wp-block-embed is-type-rich is-provider-g-mme-tutucu wp-block-embed-g-mme-tutucu wp-embed-aspect-16-9 wp-has-aspect-ratio\"><div class=\"wp-block-embed__wrapper\">\n<iframe loading=\"lazy\" title=\"Apar\u0131c\u0131 \u00c7inar\u0259nin L\u0130FTD\u018f afrikal\u0131 o\u011flanla V\u0130DEOsu yay\u0131ld\u0131 - \u0130ll\u0259r sonra \u00fcz\u0259 \u00e7\u0131xd\u0131... + V\u0130DEO\" width=\"500\" height=\"281\" src=\"https:\/\/www.youtube.com\/embed\/qrQMJjGza8s?feature=oembed\" frameborder=\"0\" allow=\"accelerometer; autoplay; clipboard-write; encrypted-media; gyroscope; picture-in-picture; web-share\" referrerpolicy=\"strict-origin-when-cross-origin\" allowfullscreen><\/iframe>\n<\/div><\/figure>\n","protected":false},"excerpt":{"rendered":"<p>Apar\u0131c\u0131 \u00c7inar\u0259 \u018fliyevan\u0131n ill\u0259r \u00f6nc\u0259y\u0259 aid videog\u00f6r\u00fcnt\u00fcs\u00fc b\u00f6y\u00fck maraq do\u011furub. Titul.az\u00a0x\u0259b\u0259r verir ki, kadrda apar\u0131c\u0131n\u0131n afrikal\u0131 g\u0259ncl\u0259 liftd\u0259 dialoqu \u0259ks olunub H\u0259min kadrlar\u0131 t\u0259qdim edirik:<\/p>\n","protected":false},"author":1,"featured_media":15339,"comment_status":"open","ping_status":"closed","sticky":false,"template":"","format":"standard","meta":{"footnotes":""},"categories":[6,3],"tags":[],"class_list":["post-15337","post","type-post","status-publish","format-standard","has-post-thumbnail","hentry","category-maqazin","category-olke"],"_links":{"self":[{"href":"https:\/\/millitv.net\/index.php?rest_route=\/wp\/v2\/posts\/15337","targetHints":{"allow":["GET"]}}],"collection":[{"href":"https:\/\/millitv.net\/index.php?rest_route=\/wp\/v2\/posts"}],"about":[{"href":"https:\/\/millitv.net\/index.php?rest_route=\/wp\/v2\/types\/post"}],"author":[{"embeddable":true,"href":"https:\/\/millitv.net\/index.php?rest_route=\/wp\/v2\/users\/1"}],"replies":[{"embeddable":true,"href":"https:\/\/millitv.net\/index.php?rest_route=%2Fwp%2Fv2%2Fcomments&post=15337"}],"version-history":[{"count":1,"href":"https:\/\/millitv.net\/index.php?rest_route=\/wp\/v2\/posts\/15337\/revisions"}],"predecessor-version":[{"id":15340,"href":"https:\/\/millitv.net\/index.php?rest_route=\/wp\/v2\/posts\/15337\/revisions\/15340"}],"wp:featuredmedia":[{"embeddable":true,"href":"https:\/\/millitv.net\/index.php?rest_route=\/wp\/v2\/media\/15339"}],"wp:attachment":[{"href":"https:\/\/millitv.net\/index.php?rest_route=%2Fwp%2Fv2%2Fmedia&parent=15337"}],"wp:term":[{"taxonomy":"category","embeddable":true,"href":"https:\/\/millitv.net\/index.php?rest_route=%2Fwp%2Fv2%2Fcategories&post=15337"},{"taxonomy":"post_tag","embeddable":true,"href":"https:\/\/millitv.net\/index.php?rest_route=%2Fwp%2Fv2%2Ftags&post=15337"}],"curies":[{"name":"wp","href":"https:\/\/api.w.org\/{rel}","templated":true}]}}