{"id":15318,"date":"2024-09-24T05:47:14","date_gmt":"2024-09-24T05:47:14","guid":{"rendered":"https:\/\/millitv.net\/?p=15318"},"modified":"2024-09-24T05:47:16","modified_gmt":"2024-09-24T05:47:16","slug":"pensiya-muavin%C9%99tl%C9%99r-v%C9%99-maaslarin-artimi-bel%C9%99-olacaq-em%C9%99khaqlari-is%C9%99-tarix-aciqlandi","status":"publish","type":"post","link":"https:\/\/millitv.net\/?p=15318","title":{"rendered":"Pensiya, m\u00fcavin\u0259tl\u0259r v\u0259 maa\u015flar\u0131n art\u0131m\u0131 bel\u0259 olacaq: \u018fm\u0259khaqlar\u0131 is\u0259&#8230; &#8211;\u00a0Tarix a\u00e7\u0131qland\u0131"},"content":{"rendered":"\n<p><strong>Az\u0259rbaycan Prezidenti \u0130lham \u018fliyev bu g\u00fcn \u00e7\u0131x\u0131\u015f\u0131nda sosial t\u0259minat\u0131n g\u00fccl\u0259ndirilm\u0259si il\u0259 ba\u011fl\u0131 vacib mesajlar\u0131 t\u0259qdim etdi. O c\u00fcml\u0259d\u0259n, son ill\u0259r minimum \u0259m\u0259khaqq\u0131 v\u0259 minimum pensiyadak\u0131 art\u0131mlar v\u0259 bu kontekstd\u0259n n\u00f6vb\u0259ti ild\u0259n etibar\u0259n minimum pensiya v\u0259 minimum \u0259m\u0259khaqq\u0131nda art\u0131mlar\u0131n olaca\u011f\u0131n\u0131 bildirdi.<\/strong><\/p>\n\n\n\n<p><a target=\"_blank\" href=\"https:\/\/teleqraf.com\/\" rel=\"noreferrer noopener\">Teleqraf.com<\/a>&nbsp;x\u0259b\u0259r verir ki, bunu Milli M\u0259clisin deputat\u0131 V\u00fcqar Bayramov deyib.<\/p>\n\n\n\n<p>O qeyd edib ki, art\u0131q bu istiqam\u0259td\u0259 h\u00f6kum\u0259td\u0259 m\u00fczakir\u0259l\u0259r gedir.<\/p>\n\n\n\n<p>&#8220;G\u00f6zl\u0259nilir ki, noyabr ay\u0131n\u0131n 1-d\u0259k \u018fm\u0259k v\u0259 \u018fhalinin Sosial M\u00fcdafi\u0259si Nazirliyi t\u0259r\u0259find\u0259n minimum \u0259m\u0259khaqq\u0131 v\u0259 el\u0259c\u0259 d\u0259, minimum pensiyan\u0131n art\u0131r\u0131lmas\u0131 il\u0259 ba\u011fl\u0131 t\u0259klifl\u0259r t\u0259qdim olunacaq.<\/p>\n\n\n\n<p>B\u00fcdc\u0259 paketi \u00e7\u0259r\u00e7iv\u0259sind\u0259 h\u0259min t\u0259klifl\u0259rin m\u00fczakir\u0259 olunmas\u0131 v\u0259 n\u00f6vb\u0259ti ild\u0259n etibar\u0259n minimum \u0259m\u0259khaqq\u0131 v\u0259 minimum pensiyan\u0131n art\u0131r\u0131laca\u011f\u0131 g\u00f6zl\u0259nir. Biz bu istiqam\u0259tl\u0259ri t\u0259klifl\u0259rd\u0259 t\u0259qdim etmi\u015fik, minimum pensiya, minimum \u0259m\u0259khaqq\u0131 sonucu d\u0259f\u0259 2023-c\u00fc ilin yanvar ay\u0131nda art\u0131r\u0131l\u0131b.<\/p>\n\n\n\n<p>Ona g\u00f6r\u0259 biz t\u0259klif edirik ki, ke\u00e7\u0259n iki il \u0259rzind\u0259 h\u0259m \u00f6lk\u0259 \u00fczr\u0259 nominal orta ayl\u0131q \u0259m\u0259khaqq\u0131, el\u0259c\u0259 d\u0259, inflyasiya s\u0259viyy\u0259si &#8211; h\u0259r iki indikator n\u0259z\u0259r\u0259 al\u0131nmaqla minimum \u0259m\u0259khaqq\u0131 v\u0259 minimum pensiyada art\u0131m h\u0259yata ke\u00e7irilsin. Biz minimum \u0259m\u0259khaqq\u0131 v\u0259 minimum pensiyada ikir\u0259q\u0259mli art\u0131m\u0131n olmas\u0131n\u0131 t\u0259klif edirik. T\u0259bii ki, m\u00fczakir\u0259l\u0259rin \u0259sas\u0131nda konkret r\u0259q\u0259m b\u0259lli olacaq.<\/p>\n\n\n\n<p>\u0130lkin g\u00f6zl\u0259nti ondan ibar\u0259tdir ki, art\u0131mlara n\u00f6vb\u0259ti ild\u0259n etibar\u0259n start veril\u0259c\u0259k v\u0259 bu, \u0259m\u0259k pensiyas\u0131 alan v\u0259 minimum \u0259m\u0259khaqq\u0131 alan b\u00fct\u00fcn v\u0259t\u0259nda\u015flar\u0131m\u0131z\u0131 \u0259hat\u0259 ed\u0259c\u0259k&#8221;, &#8211; dey\u0259 o bildirib.<\/p>\n\n\n\n<p><strong>G\u0259l\u0259n il \u00f6lk\u0259mizd\u0259 sosial m\u00fcdafi\u0259 istiqam\u0259tind\u0259 m\u00fch\u00fcm add\u0131mlar at\u0131lacaq. Haz\u0131rda \u00f6lk\u0259d\u0259 inflyasiya minimum h\u0259dd\u0259dir. 2025-ci ild\u0259 d\u0259 inflyasiyan\u0131n a\u015fa\u011f\u0131 olaca\u011f\u0131 proqnozla\u015fd\u0131r\u0131l\u0131r. Eyni zamanda orta ayl\u0131q \u0259m\u0259khaq\u0131n\u0131n art\u0131m tempi d\u0259 imkan verir ki, g\u0259l\u0259n il pensiya v\u0259 m\u00fcavin\u0259tl\u0259r art\u0131r\u0131ls\u0131n.<\/strong><\/p>\n\n\n\n<p>Bunu&nbsp;<a target=\"_blank\" href=\"https:\/\/teleqraf.com\/\" rel=\"noreferrer noopener\">Teleqraf.com<\/a>-a Yeni Az\u0259rbaycan Partiyas\u0131n\u0131n \u0130dar\u0259 Hey\u0259tinin \u00fczv\u00fc, Milli M\u0259clisin deputat\u0131 Musa Quliyev deyib.<\/p>\n\n\n\n<p>O qeyd edib ki, \u0259m\u0259khaqqlar\u0131nda da art\u0131m olacaq:<\/p>\n\n\n\n<p>\u201cG\u0259l\u0259n il \u00f6lk\u0259d\u0259 sosial m\u00fcdafi\u0259 sistemi daha da g\u00fccl\u0259n\u0259c\u0259k. Pensiyan\u0131n minimum h\u0259ddi qanunla t\u0259nziml\u0259ns\u0259, orta ayl\u0131q pensiyan\u0131n s\u0131\u011forta hiss\u0259sinin artmas\u0131 \u00f6lk\u0259 \u00fczr\u0259 orta ayl\u0131q \u0259m\u0259khaq\u0131n\u0131n art\u0131m tempin\u0259 ba\u011fl\u0131d\u0131r. \u0130lin sonuna q\u0259d\u0259r is\u0259 bu istiqam\u0259td\u0259 art\u0131m m\u00fc\u015fahid\u0259 edil\u0259c\u0259k\u201d.<\/p>\n\n\n\n<p>Mill\u0259t v\u0259kili hesab edir ki, m\u00fcavin\u0259tl\u0259rin art\u0131m\u0131 \u00f6lk\u0259 ba\u015f\u00e7\u0131s\u0131n\u0131n s\u0259r\u0259ncamlar\u0131 il\u0259 t\u0259nziml\u0259nir:<\/p>\n\n\n\n<p>\u201cVaxta\u015f\u0131r\u0131 art\u0131mlar edilir. Bu il istisna olmaqla, dig\u0259r ill\u0259rd\u0259 art\u0131mlar olub. Sosial siyas\u0259td\u0259 prioritet istiqam\u0259tl\u0259r var. Bunlar maliyy\u0259l\u0259\u015fm\u0259d\u0259 \u0259sas g\u00f6t\u00fcr\u00fcl\u00fcr. Prioritet istiqam\u0259t Qaraba\u011f v\u0259 \u015e\u0259rqi Z\u0259ng\u0259zurun s\u00fcr\u0259tl\u0259 b\u0259rpas\u0131, k\u00f6\u00e7k\u00fcnl\u0259rin yerl\u0259rin\u0259 qay\u0131d\u0131\u015f\u0131r\u201d.<\/p>\n\n\n\n<p>Musa Quliyev \u00f6lk\u0259d\u0259 sosial m\u00fcdafi\u0259 t\u0259dbirl\u0259rinin azalmad\u0131\u011f\u0131n\u0131 s\u00f6yl\u0259yib:<\/p>\n\n\n\n<p>\u201cG\u0259l\u0259n ild\u0259 olan art\u0131mlar bunu t\u0259sdiq ed\u0259c\u0259k. D\u00f6vl\u0259t v\u0259 yaxud Sosial M\u00fcdafi\u0259 Fondunun b\u00fcdc\u0259sind\u0259 olan v\u0259saitl\u0259r h\u0259mi\u015f\u0259 \u0259dal\u0259tli b\u00f6l\u00fcn\u00fcb. 2019-cu ild\u0259n ba\u015flayaraq 4 Sosial M\u00fcdafi\u0259 z\u0259rfi q\u0259bul edilib. Sosial m\u00fcdafi\u0259 il\u0259 ba\u011fl\u0131 \u00f6lk\u0259 ba\u015f\u00e7\u0131s\u0131n\u0131n 50-d\u0259n \u00e7ox s\u0259r\u0259ncam\u0131 var. B\u00fct\u00fcn bunlar d\u00f6vl\u0259t ba\u015f\u00e7\u0131s\u0131n\u0131n v\u0259 h\u00f6kum\u0259tin \u0259halinin sosial qay\u011f\u0131s\u0131n\u0131n, rifah\u0131n\u0131n qorunmas\u0131 istiqam\u0259td\u0259 olan diqq\u0259tinin ifad\u0259sidir\u201d.<\/p>\n\n\n\n<p><\/p>\n","protected":false},"excerpt":{"rendered":"<p>Az\u0259rbaycan Prezidenti \u0130lham \u018fliyev bu g\u00fcn \u00e7\u0131x\u0131\u015f\u0131nda sosial t\u0259minat\u0131n g\u00fccl\u0259ndirilm\u0259si il\u0259 ba\u011fl\u0131 vacib mesajlar\u0131 t\u0259qdim etdi. O c\u00fcml\u0259d\u0259n, son ill\u0259r minimum \u0259m\u0259khaqq\u0131 v\u0259 minimum pensiyadak\u0131 art\u0131mlar v\u0259 bu kontekstd\u0259n n\u00f6vb\u0259ti ild\u0259n etibar\u0259n minimum pensiya v\u0259 minimum \u0259m\u0259khaqq\u0131nda art\u0131mlar\u0131n olaca\u011f\u0131n\u0131 bildirdi. Teleqraf.com&nbsp;x\u0259b\u0259r verir ki, bunu Milli M\u0259clisin deputat\u0131 V\u00fcqar Bayramov deyib. O qeyd edib ki, art\u0131q &hellip;<\/p>\n","protected":false},"author":1,"featured_media":15319,"comment_status":"open","ping_status":"closed","sticky":false,"template":"","format":"standard","meta":{"footnotes":""},"categories":[3],"tags":[],"class_list":["post-15318","post","type-post","status-publish","format-standard","has-post-thumbnail","hentry","category-olke"],"_links":{"self":[{"href":"https:\/\/millitv.net\/index.php?rest_route=\/wp\/v2\/posts\/15318","targetHints":{"allow":["GET"]}}],"collection":[{"href":"https:\/\/millitv.net\/index.php?rest_route=\/wp\/v2\/posts"}],"about":[{"href":"https:\/\/millitv.net\/index.php?rest_route=\/wp\/v2\/types\/post"}],"author":[{"embeddable":true,"href":"https:\/\/millitv.net\/index.php?rest_route=\/wp\/v2\/users\/1"}],"replies":[{"embeddable":true,"href":"https:\/\/millitv.net\/index.php?rest_route=%2Fwp%2Fv2%2Fcomments&post=15318"}],"version-history":[{"count":1,"href":"https:\/\/millitv.net\/index.php?rest_route=\/wp\/v2\/posts\/15318\/revisions"}],"predecessor-version":[{"id":15320,"href":"https:\/\/millitv.net\/index.php?rest_route=\/wp\/v2\/posts\/15318\/revisions\/15320"}],"wp:featuredmedia":[{"embeddable":true,"href":"https:\/\/millitv.net\/index.php?rest_route=\/wp\/v2\/media\/15319"}],"wp:attachment":[{"href":"https:\/\/millitv.net\/index.php?rest_route=%2Fwp%2Fv2%2Fmedia&parent=15318"}],"wp:term":[{"taxonomy":"category","embeddable":true,"href":"https:\/\/millitv.net\/index.php?rest_route=%2Fwp%2Fv2%2Fcategories&post=15318"},{"taxonomy":"post_tag","embeddable":true,"href":"https:\/\/millitv.net\/index.php?rest_route=%2Fwp%2Fv2%2Ftags&post=15318"}],"curies":[{"name":"wp","href":"https:\/\/api.w.org\/{rel}","templated":true}]}}