{"id":15285,"date":"2024-09-23T07:08:19","date_gmt":"2024-09-23T07:08:19","guid":{"rendered":"https:\/\/millitv.net\/?p=15285"},"modified":"2024-09-23T07:08:22","modified_gmt":"2024-09-23T07:08:22","slug":"qazil%C9%99r%C9%99-bu-q%C9%99d%C9%99r-muavin%C9%99t-ayrilacaq-budc%C9%99-layih%C9%99si-aciqlandi-vahid-ehm%C9%99dov","status":"publish","type":"post","link":"https:\/\/millitv.net\/?p=15285","title":{"rendered":"Qazil\u0259r\u0259 bu q\u0259d\u0259r m\u00fcavin\u0259t ayr\u0131lacaq: B\u00fcdc\u0259 layih\u0259si a\u00e7\u0131qland\u0131 \u2013\u00a0Vahid \u018fhm\u0259dov"},"content":{"rendered":"\n<p><strong>Maliyy\u0259 Nazirliyi 2025-ci ilin d\u00f6vl\u0259t v\u0259 icmal b\u00fcdc\u0259l\u0259rinin ilkin g\u00f6st\u0259ricil\u0259rini a\u00e7\u0131qlay\u0131b. D\u00f6vl\u0259t b\u00fcdc\u0259si parlamentd\u0259 m\u00fczakir\u0259 edil\u0259n zaman sosial sah\u0259y\u0259 ayr\u0131lan v\u0259saitl\u0259rin h\u0259cminin art\u0131r\u0131lmas\u0131 g\u00fcnd\u0259likd\u0259 olur. \u00d6lk\u0259d\u0259 m\u00f6vcud olan iflyasiya, qiym\u0259t art\u0131m\u0131 kimi m\u0259s\u0259l\u0259l\u0259r d\u0259 m\u00fczakir\u0259 edilir. D\u00f6vl\u0259t ba\u015f\u00e7\u0131s\u0131 da bu m\u0259s\u0259l\u0259l\u0259ri h\u0259r zaman diqq\u0259td\u0259 saxlay\u0131r.<\/strong><\/p>\n\n\n\n<p>Bunu&nbsp;<a target=\"_blank\" href=\"https:\/\/teleqraf.com\/\" rel=\"noreferrer noopener\">Teleqraf.com<\/a>-a VI \u00e7a\u011f\u0131r\u0131\u015f Milli M\u0259clisin deputat\u0131, iqtisad\u00e7\u0131 alim Vahid \u018fhm\u0259dov deyib.<\/p>\n\n\n\n<p>O qeyd edib ki, g\u0259l\u0259n il \u00fc\u00e7\u00fcn iflyasiya v\u0259 qiym\u0259t art\u0131m\u0131 \u0259sas m\u0259s\u0259l\u0259l\u0259r s\u0131ras\u0131nda olacaq:<\/p>\n\n\n\n<p>\u201cSosial sah\u0259y\u0259 \u0259lav\u0259 v\u0259sait ayr\u0131lsa da ona ciddi n\u0259zar\u0259t mexanizml\u0259ri olmal\u0131d\u0131r. N\u0259zar\u0259t mexanizml\u0259ri olmadan onun \u0259h\u0259miyy\u0259ti olmur. 2024-c\u00fc ilin 6 ay\u0131 \u00fc\u00e7\u00fcn olan iqtisadi r\u0259q\u0259ml\u0259r q\u0259na\u0259tb\u0259x\u015fdir. Qeyri-neft sektoru, \u00fcmumi daxili m\u0259hsulun h\u0259cmind\u0259 art\u0131mlar var\u201d.<\/p>\n\n\n\n<p>\u201cSosial sah\u0259y\u0259 is\u0259 yana\u015fmalar daha da artmal\u0131d\u0131r. \u015e\u0259hid ail\u0259l\u0259ri, qazil\u0259r v\u0259 dig\u0259r kateqoriyadan olan insanlar\u0131n sosial durumuna bir daha n\u0259z\u0259r yetirilm\u0259lidir. H\u0259m\u00e7inin yerli icra orqanlar\u0131na bu kateqoriyadan olan \u015f\u0259xsl\u0259r\u0259 daha \u00e7ox maraq g\u00f6st\u0259rm\u0259si t\u0259\u015fviq edilm\u0259lidir. Minimum istehlak s\u0259b\u0259tin\u0259 yenid\u0259n bax\u0131lmal\u0131d\u0131r. \u015e\u0259rait yaratmaq laz\u0131md\u0131r ki, insanlar istehlak s\u0259b\u0259tind\u0259 n\u0259z\u0259rd\u0259 tutulmu\u015f m\u0259hsullar\u0131 \u0259ld\u0259 ed\u0259 bilsin\u201d.<\/p>\n\n\n\n<p>Vahid \u018fhm\u0259dova g\u00f6r\u0259, h\u0259r il d\u00f6vl\u0259t b\u00fcdc\u0259sinin t\u0259xmin\u0259n 42-45 faizi sosial sah\u0259y\u0259 y\u00f6n\u0259lir:<\/p>\n\n\n\n<p>\u201c2025-ci ild\u0259 d\u0259 bu sah\u0259nin prioritet olaca\u011f\u0131 g\u00f6zl\u0259nilir. Milli M\u0259clisin iclas\u0131nda bu m\u0259s\u0259l\u0259l\u0259r\u0259 bax\u0131lacaq. Antiinflyasiya t\u0259dbirl\u0259ri h\u0259yata ke\u00e7irils\u0259 d\u0259, g\u00fcnd\u0259lik t\u0259l\u0259bat mallar\u0131n\u0131n qiym\u0259tind\u0259 ciddi art\u0131mlar var. Ona g\u00f6r\u0259 d\u0259, bu sah\u0259y\u0259 ciddi \u015f\u0259kild\u0259 yana\u015fmaq laz\u0131md\u0131r. Art\u0131q R\u0259qab\u0259t M\u0259c\u0259ll\u0259si q\u0259bul edilib. \u00d6lk\u0259 ba\u015f\u00e7\u0131s\u0131n\u0131n s\u0259r\u0259ncam\u0131 il\u0259 Antiinhisar v\u0259 \u0130stehlak Bazar\u0131na N\u0259zar\u0259t D\u00f6vl\u0259t Agentliyinin yarad\u0131lmas\u0131 da bu istiqam\u0259tind\u0259 at\u0131lm\u0131\u015f m\u00fch\u00fcm add\u0131md\u0131r\u201d.<\/p>\n","protected":false},"excerpt":{"rendered":"<p>Maliyy\u0259 Nazirliyi 2025-ci ilin d\u00f6vl\u0259t v\u0259 icmal b\u00fcdc\u0259l\u0259rinin ilkin g\u00f6st\u0259ricil\u0259rini a\u00e7\u0131qlay\u0131b. D\u00f6vl\u0259t b\u00fcdc\u0259si parlamentd\u0259 m\u00fczakir\u0259 edil\u0259n zaman sosial sah\u0259y\u0259 ayr\u0131lan v\u0259saitl\u0259rin h\u0259cminin art\u0131r\u0131lmas\u0131 g\u00fcnd\u0259likd\u0259 olur. \u00d6lk\u0259d\u0259 m\u00f6vcud olan iflyasiya, qiym\u0259t art\u0131m\u0131 kimi m\u0259s\u0259l\u0259l\u0259r d\u0259 m\u00fczakir\u0259 edilir. D\u00f6vl\u0259t ba\u015f\u00e7\u0131s\u0131 da bu m\u0259s\u0259l\u0259l\u0259ri h\u0259r zaman diqq\u0259td\u0259 saxlay\u0131r. Bunu&nbsp;Teleqraf.com-a VI \u00e7a\u011f\u0131r\u0131\u015f Milli M\u0259clisin deputat\u0131, iqtisad\u00e7\u0131 alim Vahid \u018fhm\u0259dov &hellip;<\/p>\n","protected":false},"author":1,"featured_media":15286,"comment_status":"open","ping_status":"closed","sticky":false,"template":"","format":"standard","meta":{"footnotes":""},"categories":[3],"tags":[],"class_list":["post-15285","post","type-post","status-publish","format-standard","has-post-thumbnail","hentry","category-olke"],"_links":{"self":[{"href":"https:\/\/millitv.net\/index.php?rest_route=\/wp\/v2\/posts\/15285","targetHints":{"allow":["GET"]}}],"collection":[{"href":"https:\/\/millitv.net\/index.php?rest_route=\/wp\/v2\/posts"}],"about":[{"href":"https:\/\/millitv.net\/index.php?rest_route=\/wp\/v2\/types\/post"}],"author":[{"embeddable":true,"href":"https:\/\/millitv.net\/index.php?rest_route=\/wp\/v2\/users\/1"}],"replies":[{"embeddable":true,"href":"https:\/\/millitv.net\/index.php?rest_route=%2Fwp%2Fv2%2Fcomments&post=15285"}],"version-history":[{"count":1,"href":"https:\/\/millitv.net\/index.php?rest_route=\/wp\/v2\/posts\/15285\/revisions"}],"predecessor-version":[{"id":15287,"href":"https:\/\/millitv.net\/index.php?rest_route=\/wp\/v2\/posts\/15285\/revisions\/15287"}],"wp:featuredmedia":[{"embeddable":true,"href":"https:\/\/millitv.net\/index.php?rest_route=\/wp\/v2\/media\/15286"}],"wp:attachment":[{"href":"https:\/\/millitv.net\/index.php?rest_route=%2Fwp%2Fv2%2Fmedia&parent=15285"}],"wp:term":[{"taxonomy":"category","embeddable":true,"href":"https:\/\/millitv.net\/index.php?rest_route=%2Fwp%2Fv2%2Fcategories&post=15285"},{"taxonomy":"post_tag","embeddable":true,"href":"https:\/\/millitv.net\/index.php?rest_route=%2Fwp%2Fv2%2Ftags&post=15285"}],"curies":[{"name":"wp","href":"https:\/\/api.w.org\/{rel}","templated":true}]}}