{"id":15257,"date":"2024-09-21T16:15:53","date_gmt":"2024-09-21T16:15:53","guid":{"rendered":"https:\/\/millitv.net\/?p=15257"},"modified":"2024-09-21T16:15:54","modified_gmt":"2024-09-21T16:15:54","slug":"o-m%C9%99mur-yem%C9%99y%C9%99-gor%C9%99-xalq-artistl%C9%99rin%C9%99-qisqirdi-ki-almaxanim-h%C9%99r-seyi-etiraf-etdi","status":"publish","type":"post","link":"https:\/\/millitv.net\/?p=15257","title":{"rendered":"&#8220;O m\u0259mur yem\u0259y\u0259 g\u00f6r\u0259 Xalq artistl\u0259rin\u0259 q\u0131\u015fq\u0131rd\u0131 ki&#8230;&#8221; &#8211; Almaxan\u0131m h\u0259r \u015feyi etiraf etdi"},"content":{"rendered":"\n<p>Tan\u0131nm\u0131\u015f mu\u011fam ifa\u00e7\u0131s\u0131 Almaxan\u0131m \u018fhm\u0259dova M\u0259d\u0259niyy\u0259t Nazirliyinin D\u00f6vl\u0259t \u0259h\u0259miyy\u0259tli t\u0259dbirl\u0259rinin t\u0259\u015fkili sektorunun m\u00fcdiri M\u0259nz\u0259rxan\u0131m Nur\u0259liyeva bar\u0259sind\u0259 daha bir qalmaqall\u0131 a\u00e7\u0131qlamalar verib.<\/p>\n\n\n\n<p>Ifa\u00e7\u0131 sosial \u015f\u0259b\u0259k\u0259d\u0259 qeyd edib:<\/p>\n\n\n\n<p>&#8220;Bir d\u0259f\u0259 \u00d6zb\u0259kistanda Az\u0259rbaycan M\u0259d\u0259niyy\u0259t g\u00fcnl\u0259rind\u0259 idik. Bu, nazirlik x\u0259tti il\u0259 getdiyim ilk v\u0259 son s\u0259f\u0259r oldu.<\/p>\n\n\n\n<p>M\u0259nz\u0259rxan\u0131m Xalq artistl\u0259rini s\u0131raya d\u00fcz\u00fcb, danlay\u0131r, q\u0131\u015fq\u0131r\u0131rd\u0131 ki, &#8220;yem\u0259yinizi vaxt\u0131nda yeyin d\u0259, m\u0259n niy\u0259 sizi burada g\u00f6zl\u0259m\u0259liy\u0259m? Niy\u0259 gecikirsiz? Xalq v\u0259 \u0259m\u0259kdar artistl\u0259r d\u0259 ba\u015flar\u0131n\u0131 a\u015fa\u011f\u0131 sal\u0131b, m\u0259zlum ifad\u0259 il\u0259 M\u0259nz\u0259rin danla\u011flar\u0131n\u0131 dinl\u0259yirl\u0259rdil\u0259r. M\u0259n d\u0259 q\u0131raqdan bax\u0131ram. \u00d6z\u00fcm\u00fc bir an m\u00fcharib\u0259 kinolar\u0131nda komandir v\u0259 \u0259sg\u0259rl\u0259r s\u0259hn\u0259sind\u0259 hiss el\u0259dim. Sanki M\u0259nz\u0259r komandirdir, inc\u0259s\u0259n\u0259t xadiml\u0259ri is\u0259 onun \u0259sg\u0259rl\u0259ri.<\/p>\n\n\n\n<p>\u018fn \u00e7ox da ona pis oldum ki, bu c\u00fcr s\u0259n\u0259tkarlar niy\u0259 onun danla\u011f\u0131n\u0131 g\u00f6t\u00fcr\u00fcrl\u0259r?<\/p>\n\n\n\n<p>H\u0259tta m\u0259\u015fql\u0259 ba\u011fl\u0131 M\u0259nz\u0259rxan\u0131ma bir s\u00f6z d\u0259 dem\u0259k ist\u0259yirdim. Xalq artistl\u0259rind\u0259n biri m\u0259n\u0259 yax\u0131nla\u015fd\u0131 ki, &#8220;sus, M\u0259nz\u0259rxan\u0131m dan\u0131\u015fanda biz he\u00e7 birimiz dan\u0131\u015fm\u0131r\u0131q. Ona 10 ild\u0259n \u00e7oxdur d\u00f6z\u00fcr\u00fck, s\u0259n d\u0259 d\u00f6z. Yoxsa s\u0259n\u0259 mane olar&#8221;.<\/p>\n\n\n\n<p>Qeyd ed\u0259k ki, art\u0131q bir m\u00fcdd\u0259tdir tan\u0131nm\u0131\u015f s\u0259n\u0259t adamlar\u0131 il\u0259 M\u0259d\u0259niyy\u0259t Nazirliyinin D\u00f6vl\u0259t \u0259h\u0259miyy\u0259tli t\u0259dbirl\u0259rinin t\u0259\u015fkili sektorunun m\u00fcdiri M\u0259nz\u0259rxan\u0131m Nur\u0259liyeva aras\u0131nda qalmaqal yaran\u0131b. Mu\u011fam ifa\u00e7\u0131lar\u0131 Almaxan\u0131m \u018fhm\u0259dova, P\u0259rviz Qas\u0131mov, caz ifa\u00e7\u0131s\u0131 T\u0259ran\u0259 Mahmudova, tan\u0131nm\u0131\u015f kaman\u00e7a ifa\u00e7\u0131s\u0131 \u015e\u0259hriyar Musayev v\u0259 dig\u0259rl\u0259ri M\u0259d\u0259niyy\u0259t Nazirliyinin D\u00f6vl\u0259t \u0259h\u0259miyy\u0259tli t\u0259dbirl\u0259rinin t\u0259\u015fkili sektorunda \u00f6zba\u015f\u0131nal\u0131\u011f\u0131n h\u00f6km s\u00fcrd\u00fcy\u00fcn\u00fc, M\u0259nz\u0259rxan\u0131m Nur\u0259liyevan\u0131n s\u0259n\u0259t\u00e7il\u0259r\u0259n r\u00fc\u015fv\u0259t ist\u0259diyini bildiribl\u0259r. Nazirlik s\u0259sl\u0259n\u0259n ittihamlar\u0131 t\u0259kzib edib.\/Musavat.com<\/p>\n","protected":false},"excerpt":{"rendered":"<p>Tan\u0131nm\u0131\u015f mu\u011fam ifa\u00e7\u0131s\u0131 Almaxan\u0131m \u018fhm\u0259dova M\u0259d\u0259niyy\u0259t Nazirliyinin D\u00f6vl\u0259t \u0259h\u0259miyy\u0259tli t\u0259dbirl\u0259rinin t\u0259\u015fkili sektorunun m\u00fcdiri M\u0259nz\u0259rxan\u0131m Nur\u0259liyeva bar\u0259sind\u0259 daha bir qalmaqall\u0131 a\u00e7\u0131qlamalar verib. Ifa\u00e7\u0131 sosial \u015f\u0259b\u0259k\u0259d\u0259 qeyd edib: &#8220;Bir d\u0259f\u0259 \u00d6zb\u0259kistanda Az\u0259rbaycan M\u0259d\u0259niyy\u0259t g\u00fcnl\u0259rind\u0259 idik. Bu, nazirlik x\u0259tti il\u0259 getdiyim ilk v\u0259 son s\u0259f\u0259r oldu. M\u0259nz\u0259rxan\u0131m Xalq artistl\u0259rini s\u0131raya d\u00fcz\u00fcb, danlay\u0131r, q\u0131\u015fq\u0131r\u0131rd\u0131 ki, &#8220;yem\u0259yinizi vaxt\u0131nda yeyin d\u0259, &hellip;<\/p>\n","protected":false},"author":1,"featured_media":15258,"comment_status":"open","ping_status":"closed","sticky":false,"template":"","format":"standard","meta":{"footnotes":""},"categories":[6,3],"tags":[],"class_list":["post-15257","post","type-post","status-publish","format-standard","has-post-thumbnail","hentry","category-maqazin","category-olke"],"_links":{"self":[{"href":"https:\/\/millitv.net\/index.php?rest_route=\/wp\/v2\/posts\/15257","targetHints":{"allow":["GET"]}}],"collection":[{"href":"https:\/\/millitv.net\/index.php?rest_route=\/wp\/v2\/posts"}],"about":[{"href":"https:\/\/millitv.net\/index.php?rest_route=\/wp\/v2\/types\/post"}],"author":[{"embeddable":true,"href":"https:\/\/millitv.net\/index.php?rest_route=\/wp\/v2\/users\/1"}],"replies":[{"embeddable":true,"href":"https:\/\/millitv.net\/index.php?rest_route=%2Fwp%2Fv2%2Fcomments&post=15257"}],"version-history":[{"count":1,"href":"https:\/\/millitv.net\/index.php?rest_route=\/wp\/v2\/posts\/15257\/revisions"}],"predecessor-version":[{"id":15259,"href":"https:\/\/millitv.net\/index.php?rest_route=\/wp\/v2\/posts\/15257\/revisions\/15259"}],"wp:featuredmedia":[{"embeddable":true,"href":"https:\/\/millitv.net\/index.php?rest_route=\/wp\/v2\/media\/15258"}],"wp:attachment":[{"href":"https:\/\/millitv.net\/index.php?rest_route=%2Fwp%2Fv2%2Fmedia&parent=15257"}],"wp:term":[{"taxonomy":"category","embeddable":true,"href":"https:\/\/millitv.net\/index.php?rest_route=%2Fwp%2Fv2%2Fcategories&post=15257"},{"taxonomy":"post_tag","embeddable":true,"href":"https:\/\/millitv.net\/index.php?rest_route=%2Fwp%2Fv2%2Ftags&post=15257"}],"curies":[{"name":"wp","href":"https:\/\/api.w.org\/{rel}","templated":true}]}}