{"id":15214,"date":"2024-09-20T12:36:30","date_gmt":"2024-09-20T12:36:30","guid":{"rendered":"https:\/\/millitv.net\/?p=15214"},"modified":"2024-09-20T12:36:32","modified_gmt":"2024-09-20T12:36:32","slug":"pensiya-v%C9%99-%C9%99m%C9%99khaqlari-bu-tarixd%C9%99-artirilacaq-yeni-proqramda-n%C9%99l%C9%99r-var","status":"publish","type":"post","link":"https:\/\/millitv.net\/?p=15214","title":{"rendered":"Pensiya v\u0259 \u0259m\u0259khaqlar\u0131 bu tarixd\u0259 art\u0131r\u0131lacaq &#8211; Yeni proqramda n\u0259l\u0259r var?"},"content":{"rendered":"\n<p><strong>H\u0259mi\u015f\u0259 d\u00f6vl\u0259t b\u00fcdc\u0259si m\u00fczakir\u0259 edil\u0259nd\u0259 Prezident \u0130lham \u018fliyevin \u0259n \u00e7ox diqq\u0259t yetirdiyi m\u0259qam sosial sah\u0259l\u0259rl\u0259 ba\u011fl\u0131 olur. Bir ne\u00e7\u0259 ildir d\u00f6vl\u0259t b\u00fcdc\u0259sinin t\u0259xmin\u0259n 15-16 faizi sosial sah\u0259l\u0259r\u0259 ayr\u0131l\u0131r. Pensiya, \u0259m\u0259khaqq\u0131, \u015f\u0259hid ail\u0259l\u0259ri v\u0259 qazil\u0259rl\u0259 ba\u011fl\u0131 \u00f6d\u0259ni\u015fl\u0259rin art\u0131m\u0131na daha \u00e7ox v\u0259sait y\u00f6n\u0259ldilir.<\/strong><\/p>\n\n\n\n<p>Bunu&nbsp;<a target=\"_blank\" href=\"https:\/\/teleqraf.com\/\" rel=\"noreferrer noopener\">Teleqraf.com<\/a>-a Milli M\u0259clisin \u0130qtisadi siyas\u0259t, s\u0259naye v\u0259 sahibkarl\u0131q komit\u0259si \u00fczv\u00fc, deputat Vahid \u018fhm\u0259dov deyib.<\/p>\n\n\n\n<p>O qeyd edib ki, h\u0259r il d\u00f6vl\u0259t b\u00fcdc\u0259sind\u0259 ilk n\u00f6vb\u0259d\u0259 inflyasiya il\u0259 \u0259laq\u0259d\u0259r indeksasiya apar\u0131l\u0131r:<\/p>\n\n\n\n<p>\u201cPensiya v\u0259 dig\u0259r \u00f6d\u0259ni\u015fl\u0259rd\u0259 indeksasiya gedir. \u018fg\u0259r iflyasiya iki r\u0259q\u0259mli v\u0259 yaxud bir r\u0259q\u0259mlidirs\u0259, h\u0259min s\u0259viyy\u0259d\u0259 art\u0131mlar olur. Eyni zamanda bazarda ged\u0259n prosesl\u0259r, \u0259halinin dolan\u0131\u015f\u0131\u011f\u0131 n\u0259z\u0259r\u0259 al\u0131naraq m\u00fc\u0259yy\u0259n art\u0131mlar h\u0259mi\u015f\u0259 olub\u201d.<\/p>\n\n\n\n<p><img decoding=\"async\" alt=\"\" src=\"https:\/\/teleqraf.com\/storage\/2021\/09\/10\/vahid_ehmedov.jpg\" title=\"\">Komit\u0259 \u00fczv\u00fc bildirib ki, pensiya v\u0259 \u0259m\u0259khaqqlar\u0131na bu istiqam\u0259td\u0259 art\u0131mlar olunub:<\/p>\n\n\n\n<p>\u201cM\u00fc\u015fahid\u0259 edil\u0259n odur ki, son alt\u0131 ayda \u0259m\u0259khaqqlar\u0131nda art\u0131m var. Haz\u0131rda m\u00fczakir\u0259l\u0259r gedir ki, minimum \u0259m\u0259khaqq\u0131 art\u0131r\u0131ls\u0131n. Bununla ba\u011fl\u0131 \u018fm\u0259k v\u0259 \u018fhalinin Sosial M\u00fcdafi\u0259 Nazirliyi x\u00fcsusi bir proqram haz\u0131rlay\u0131b\u201d.<\/p>\n\n\n\n<p>Vahid \u018fhm\u0259dova g\u00f6r\u0259, nazirliyin haz\u0131rlad\u0131\u011f\u0131 proqrama \u0259sas\u0259n art\u0131mlar olacaq:<\/p>\n\n\n\n<p>\u201cBu da g\u0259l\u0259n ilin yanvar\u0131n 1-d\u0259n q\u00fcvv\u0259y\u0259 minm\u0259lidir. M\u0259hz bu s\u0259b\u0259bd\u0259n n\u00f6vb\u0259ti d\u00f6vl\u0259t b\u00fcdc\u0259si t\u0259sdiq olunan zaman h\u0259min m\u0259s\u0259l\u0259y\u0259 m\u00fctl\u0259q bax\u0131lacaq. B\u00fcdc\u0259 m\u00fczakir\u0259l\u0259ri zaman\u0131 bu ilin noyabr\u0131n \u0259vv\u0259lind\u0259 yeni formala\u015facaq parlament t\u0259r\u0259find\u0259n bu m\u0259s\u0259l\u0259y\u0259 m\u00fctl\u0259q bax\u0131lmas\u0131 m\u00fcmk\u00fcnd\u00fcr. \u018fm\u0259khaqq\u0131 v\u0259 pensiyalar\u0131n art\u0131m\u0131na yer veril\u0259c\u0259k. X\u00fcsusil\u0259 minimum \u0259m\u0259khaqq\u0131n\u0131n art\u0131lmas\u0131na x\u00fcsusi diqq\u0259t yetiril\u0259c\u0259k\u201d.<\/p>\n","protected":false},"excerpt":{"rendered":"<p>H\u0259mi\u015f\u0259 d\u00f6vl\u0259t b\u00fcdc\u0259si m\u00fczakir\u0259 edil\u0259nd\u0259 Prezident \u0130lham \u018fliyevin \u0259n \u00e7ox diqq\u0259t yetirdiyi m\u0259qam sosial sah\u0259l\u0259rl\u0259 ba\u011fl\u0131 olur. Bir ne\u00e7\u0259 ildir d\u00f6vl\u0259t b\u00fcdc\u0259sinin t\u0259xmin\u0259n 15-16 faizi sosial sah\u0259l\u0259r\u0259 ayr\u0131l\u0131r. Pensiya, \u0259m\u0259khaqq\u0131, \u015f\u0259hid ail\u0259l\u0259ri v\u0259 qazil\u0259rl\u0259 ba\u011fl\u0131 \u00f6d\u0259ni\u015fl\u0259rin art\u0131m\u0131na daha \u00e7ox v\u0259sait y\u00f6n\u0259ldilir. Bunu&nbsp;Teleqraf.com-a Milli M\u0259clisin \u0130qtisadi siyas\u0259t, s\u0259naye v\u0259 sahibkarl\u0131q komit\u0259si \u00fczv\u00fc, deputat Vahid \u018fhm\u0259dov deyib. &hellip;<\/p>\n","protected":false},"author":1,"featured_media":15215,"comment_status":"open","ping_status":"closed","sticky":false,"template":"","format":"standard","meta":{"footnotes":""},"categories":[3],"tags":[],"class_list":["post-15214","post","type-post","status-publish","format-standard","has-post-thumbnail","hentry","category-olke"],"_links":{"self":[{"href":"https:\/\/millitv.net\/index.php?rest_route=\/wp\/v2\/posts\/15214","targetHints":{"allow":["GET"]}}],"collection":[{"href":"https:\/\/millitv.net\/index.php?rest_route=\/wp\/v2\/posts"}],"about":[{"href":"https:\/\/millitv.net\/index.php?rest_route=\/wp\/v2\/types\/post"}],"author":[{"embeddable":true,"href":"https:\/\/millitv.net\/index.php?rest_route=\/wp\/v2\/users\/1"}],"replies":[{"embeddable":true,"href":"https:\/\/millitv.net\/index.php?rest_route=%2Fwp%2Fv2%2Fcomments&post=15214"}],"version-history":[{"count":1,"href":"https:\/\/millitv.net\/index.php?rest_route=\/wp\/v2\/posts\/15214\/revisions"}],"predecessor-version":[{"id":15216,"href":"https:\/\/millitv.net\/index.php?rest_route=\/wp\/v2\/posts\/15214\/revisions\/15216"}],"wp:featuredmedia":[{"embeddable":true,"href":"https:\/\/millitv.net\/index.php?rest_route=\/wp\/v2\/media\/15215"}],"wp:attachment":[{"href":"https:\/\/millitv.net\/index.php?rest_route=%2Fwp%2Fv2%2Fmedia&parent=15214"}],"wp:term":[{"taxonomy":"category","embeddable":true,"href":"https:\/\/millitv.net\/index.php?rest_route=%2Fwp%2Fv2%2Fcategories&post=15214"},{"taxonomy":"post_tag","embeddable":true,"href":"https:\/\/millitv.net\/index.php?rest_route=%2Fwp%2Fv2%2Ftags&post=15214"}],"curies":[{"name":"wp","href":"https:\/\/api.w.org\/{rel}","templated":true}]}}