{"id":15187,"date":"2024-09-19T14:44:47","date_gmt":"2024-09-19T14:44:47","guid":{"rendered":"https:\/\/millitv.net\/?p=15187"},"modified":"2024-09-19T14:44:49","modified_gmt":"2024-09-19T14:44:49","slug":"romadan-qayidark%C9%99n-t%C9%99yyar%C9%99d%C9%99-heyd%C9%99r-eliyev-dedi-ki-xalq-yazicisi-ilk-d%C9%99f%C9%99-etiraf-etdi","status":"publish","type":"post","link":"https:\/\/millitv.net\/?p=15187","title":{"rendered":"Romadan qay\u0131dark\u0259n t\u0259yyar\u0259d\u0259 Heyd\u0259r \u018fliyev dedi ki&#8230; &#8211; Xalq yaz\u0131\u00e7\u0131s\u0131 ilk d\u0259f\u0259 etiraf etdi"},"content":{"rendered":"\n<p><strong>Az\u0259rbaycan Yaz\u0131\u00e7\u0131lar Birliyinin s\u0259dri, xalq yaz\u0131\u00e7\u0131s\u0131 Anar\u0131n&nbsp;<a target=\"_blank\" href=\"https:\/\/axar.az\/news\/kult\/\" rel=\"noreferrer noopener\">Kult.az<\/a>-a m\u00fcsahib\u0259si:<\/strong><\/p>\n\n\n\n<p><strong>&#8211; Anar m\u00fc\u0259llim, ke\u00e7mi\u015f AYO-\u00e7ular bir-bir sizi m\u00fcdafi\u0259 ed\u0259n yaz\u0131lar yaz\u0131r, m\u00fcsahib\u0259l\u0259r verir. Bunu sizin q\u0259l\u0259b\u0259niz hesab ed\u0259kmi?<\/strong><\/p>\n\n\n\n<p>&#8211; M\u0259n he\u00e7 k\u0259sl\u0259 m\u00fcharib\u0259 aparmam\u0131\u015fam ki, q\u0259l\u0259b\u0259 \u00e7ald\u0131\u011f\u0131m\u0131 hesab edim. \u018fleyhim\u0259 \u00e7\u0131xanlar\u0131n aras\u0131nda da istedadl\u0131 adamlar oldu\u011funu he\u00e7 vaxt danmam\u0131\u015fam. \u0130ndi onlardan bir \u00e7oxu Yaz\u0131\u00e7\u0131lar Birliyin\u0259 \u00f6gey m\u00fcnasib\u0259tin m\u0259nas\u0131z oldu\u011funu d\u0259rk edibl\u0259rs\u0259, m\u0259tbuat orqanlar\u0131m\u0131zda gen-bol \u00e7ap olunurlarsa, bu, \u015f\u00fcbh\u0259siz ki, \u0259d\u0259biyyat\u0131m\u0131z\u0131n q\u0259l\u0259b\u0259sidir.<\/p>\n\n\n\n<p><strong>&#8211; Sanki siz d\u0259 bir az ac\u0131q \u00e7\u0131x\u0131rs\u0131n\u0131z, a\u015fa\u011f\u0131lay\u0131rs\u0131n\u0131z. M\u0259s\u0259l\u0259n, bir m\u00fcsahib\u0259d\u0259 ke\u00e7mi\u015f AYO-\u00e7u haqq\u0131nda \u201cm\u0259nim b\u0259zi yaz\u0131lar\u0131m var, verir\u0259m, t\u0259rc\u00fcm\u0259 edir\u201d demi\u015fdiniz. Yaz\u0131\u00e7\u0131-\u015fairl\u0259rin \u00e7oxu bu s\u00f6z\u00fcn\u00fcz\u00fc onu t\u0259hqir etm\u0259yiniz kimi qar\u015f\u0131lad\u0131.<\/strong><\/p>\n\n\n\n<p>&#8211; M\u0259s\u0259l\u0259ni a\u00e7\u0131qlayaq. M\u0259nim \u201cYeni M\u00fcsavat\u201d q\u0259zetind\u0259 d\u0259rc olunmu\u015f m\u00fcsahib\u0259md\u0259 Azad Ya\u015far haqq\u0131nda dediyim s\u00f6zl\u0259ri n\u0259z\u0259rd\u0259 tutursunuz. Ondan ba\u015flay\u0131m ki, \u201cyaz\u0131\u00e7\u0131-\u015fairl\u0259rin \u00e7oxu\u201d dey\u0259nd\u0259 n\u0259y\u0259 \u0259saslan\u0131rs\u0131n\u0131z? Anket paylam\u0131s\u0131n\u0131z, ya \u201c\u015fairl\u0259rin-yaz\u0131\u00e7\u0131lar\u0131n \u00e7oxunu\u201d y\u0131\u011faraq toplant\u0131 ke\u00e7irib bu n\u0259tic\u0259ni \u00e7\u0131xarm\u0131s\u0131n\u0131z? \u00dc\u00e7-be\u015f t\u0259xribat\u00e7\u0131n\u0131n, \u201cqan \u00e7\u0131xmayan yerd\u0259n qa\u015f\u0131y\u0131b qan \u00e7\u0131xarmaq\u201d ist\u0259y\u0259nnin yenid\u0259n ara vurmaq t\u0259\u015f\u0259bb\u00fcsl\u0259rini \u201c\u015fairl\u0259rin-yaz\u0131\u00e7\u0131lar\u0131n \u00e7oxunun\u201d fikri kimi q\u0259l\u0259m\u0259 verm\u0259k d\u00fczg\u00fcn deyil. M\u0259s\u0259l\u0259nin mahiyy\u0259tin\u0259 g\u0259ldikd\u0259 is\u0259 dem\u0259liy\u0259m ki, Azad Ya\u015farla xo\u015f m\u00fcnasib\u0259tl\u0259rimiz var, haqq\u0131nda s\u0259mimi yaz\u0131 da yazm\u0131\u015fam. O vaxt sovet d\u00f6vr\u00fcnd\u0259 Moskva q\u0259zetl\u0259ri \u00fc\u00e7\u00fcn rus dilind\u0259 xeyli m\u0259qal\u0259 yazm\u0131\u015fd\u0131m. Onlar\u0131 oldu\u011fu kimi dilimizd\u0259 \u00e7ap etdirm\u0259k ist\u0259dim ki, o vaxtk\u0131 m\u00f6vqeyiml\u0259 indiki m\u00f6vqeyim aras\u0131nda ciddi bir f\u0259rq olmad\u0131\u011f\u0131 ayd\u0131n olsun. \u018flimd\u0259 ba\u015fqa janrlarda yeni yaz\u0131lar\u0131m oldu\u011fu \u00fc\u00e7\u00fcn bu t\u0259rc\u00fcm\u0259ni \u00f6z\u00fcm \u00e7atd\u0131ra bilm\u0259dim. Azaddan xahi\u015f etdim v\u0259 o, bu i\u015fi y\u00fcks\u0259k pe\u015f\u0259karl\u0131qla etdi. V\u0259ssalam. Burda Azad\u0131n guya ki, t\u0259hqir olundu\u011funu yaln\u0131z qara q\u0259lbli adamlar z\u0259nn ed\u0259 bil\u0259r. El\u0259 bu g\u00fcnl\u0259rd\u0259 Azad Birliy\u0259 g\u0259lmi\u015fdi, bu m\u0259s\u0259l\u0259d\u0259n d\u0259 dan\u0131\u015fd\u0131q v\u0259 \u201cbulan\u0131q suda bal\u0131q tutanlara\u201d g\u00fcld\u00fck.<\/p>\n\n\n\n<p><strong>&#8211; Anar\u0131n \u201cT\u00f6vb\u0259 qap\u0131s\u0131\u201d m\u0259\u015fhurdur, deyirl\u0259r, o, \u00e7ox \u015feyi v\u0259 \u00e7ox adam\u0131 ba\u011f\u0131\u015flay\u0131r. B\u0259s Anar Az\u0259rbaycan \u0259d\u0259biyyat\u0131nda kimi ba\u011f\u0131\u015flamad\u0131 v\u0259 ba\u011f\u0131\u015flamayacaq?<\/strong><\/p>\n\n\n\n<p>&#8211; Az\u0259rbaycan \u0259d\u0259biyyat\u0131n\u0131n klassikl\u0259rind\u0259n tutmu\u015f \u0259n g\u00f6rk\u0259mli \u00e7a\u011fda\u015f yaz\u0131\u00e7\u0131lar\u0131n\u0131 l\u0259k\u0259l\u0259m\u0259y\u0259 \u00e7al\u0131\u015fanlar\u0131 ba\u011f\u0131\u015flamad\u0131, ba\u011f\u0131\u015flamayacaq.<\/p>\n\n\n\n<p><strong>&#8211; Bir ne\u00e7\u0259 d\u0259f\u0259 film sektorundan, daha d\u0259qiq des\u0259k, ssenaril\u0259riniz\u0259 film \u00e7\u0259kilm\u0259m\u0259yind\u0259n \u015fikay\u0259tl\u0259nmisiniz. Nec\u0259 olur ki, xalq yaz\u0131\u00e7\u0131s\u0131, AYB s\u0259dri Anar\u0131 k\u0259nara qoyurlar? Kiml\u0259r edir? B\u0259lk\u0259 o sah\u0259d\u0259 kiml\u0259rl\u0259s\u0259 \u015f\u0259xsi davan\u0131z var?<\/strong><\/p>\n\n\n\n<p>&#8211; \u018fvv\u0259la, m\u0259nim he\u00e7 k\u0259sl\u0259 \u015f\u0259xsi davam yoxdur. \u0130kincisi, siz do\u011frudanm\u0131 el\u0259 hesab edirsiniz, xalq yaz\u0131\u00e7\u0131s\u0131na, ya lap el\u0259 AYB s\u0259drin\u0259 b\u00fct\u00fcn qap\u0131lar a\u00e7\u0131qd\u0131r? Xalq yaz\u0131\u00e7\u0131s\u0131 olmayanda da, olanda da, AYB s\u0259dri olmayanda da, olanda da, m\u0259nim dem\u0259k olar, \u0259ks\u0259r kino (v\u0259 b\u0259zi s\u0259hn\u0259) \u0259s\u0259rl\u0259rim dava-dala\u015fla ke\u00e7ib. Qiym\u0259tl\u0259ri yaln\u0131z haz\u0131r olandan, tama\u015fa\u00e7\u0131 mara\u011f\u0131 v\u0259 r\u0259\u011fb\u0259ti qazanandan sonra verilib. D\u0259f\u0259l\u0259rl\u0259 dediyim kimi, on iki ildir, m\u0259nim bir ssenarim d\u0259 \u00e7\u0259kilmir. Halbuki, bu ill\u0259rd\u0259 \u00fc\u00e7 tammetrajl\u0131 filmin ssenarisini yazm\u0131\u015fam, onlardan ikisi M\u0259d\u0259niyy\u0259t Nazirliyi t\u0259r\u0259find\u0259n b\u0259y\u0259nilib v\u0259 q\u0259bul olunub (\u00dc\u00e7\u00fcnc\u00fcs\u00fcn\u00fc t\u0259qdim etm\u0259mi\u015f\u0259m), aybaay, ilb\u0259il m\u0259ni arxay\u0131n edirl\u0259r ki, m\u00fctl\u0259q \u00e7\u0259kil\u0259c\u0259k, int\u0259has\u0131, h\u0259l\u0259ki v\u0259sait tap\u0131lm\u0131r. H\u0259r \u015fey\u0259 v\u0259sait tap\u0131l\u0131r, amma bu il 125 illik yubileyi qeyd olunacaq b\u00f6y\u00fck drammaturq C\u0259f\u0259r Cabbarl\u0131 haqq\u0131nda yazd\u0131\u011f\u0131m \u201cAzad bir qu\u015fdum\u201d ssenarisinin \u00e7\u0259kili\u015fin\u0259 pul tap\u0131lm\u0131r. Bu il d\u0259 \u00e7\u0259kilm\u0259s\u0259, ha\u00e7an \u00e7\u0259kil\u0259c\u0259k? Bu sual\u0131 m\u0259n\u0259 yox, M\u0259d\u0259niyy\u0259t Nazirliyinin \u00fcnvan\u0131na y\u00f6n\u0259lts\u0259z, daha d\u00fczg\u00fcn olar.<\/p>\n\n\n\n<p><strong>&#8211; Sizin haqq\u0131n\u0131zda deyil\u0259n bir iddia da budur ki, \u201cAnar olmasa, AYB olmayacaqd\u0131\u201d. \u00d6z\u00fcn\u00fcz bununla raz\u0131s\u0131n\u0131z? Bel\u0259 \u00e7\u0131x\u0131r ki, ill\u0259r sonra AYB l\u0259\u011fv olunacaq?<\/strong><\/p>\n\n\n\n<p>&#8211; \u018flb\u0259tt\u0259, raz\u0131 deyil\u0259m. Az\u0259rbaycan Yaz\u0131\u00e7\u0131lar Birliyini m\u0259n yaratmam\u0131\u015fam ki, m\u0259niml\u0259 d\u0259 sona yetsin. Birlik yaz\u0131\u00e7\u0131lar\u0131n tarixi oca\u011f\u0131 kimi h\u0259mi\u015f\u0259 ya\u015famal\u0131d\u0131r. \u0130nt\u0259has\u0131, m\u0259n burda s\u0259dr olmayanda b\u0259lk\u0259 d\u0259 AYB-nin \u0259leyhin\u0259 olanlar\u0131n say\u0131 xeyli azald\u0131. Ta o vaxta q\u0259d\u0259r ki, yeni s\u0259drd\u0259n umduqlar\u0131n\u0131 &#8211; f\u0259xri adlar, t\u0259qa\u00fcdl\u0259r, m\u0259nzill\u0259r v\u0259 sair\u0259 v\u0259 ilax\u0131r ala bilm\u0259y\u0259nl\u0259rin yeni dal\u011fas\u0131 meydana \u00e7\u0131xacaq. Ham\u0131 \u00f6z\u00fcn\u00fc h\u0259r \u015fey\u0259 layiq bilir v\u0259 ham\u0131n\u0131n b\u00fct\u00fcn iddialar\u0131n\u0131 he\u00e7 k\u0259s \u00f6d\u0259y\u0259 bilm\u0259z. Amma yen\u0259 d\u0259 b\u0259dbin olmaq ist\u0259mir\u0259m. \u00dcmid etm\u0259k ist\u0259yir\u0259m ki, g\u0259l\u0259n n\u0259sill\u0259rd\u0259 yaz\u0131b-yaratmaq ehtiyac\u0131 v\u0259 h\u0259v\u0259si yaz\u0131b yaratd\u0131qlar\u0131ndan n\u0259s\u0259 bir \u015fey qazanmaq t\u0259m\u0259nnas\u0131ndan \u00fcst\u00fcn olacaq.<\/p>\n\n\n\n<p><strong>&#8211; Deyil\u0259n\u0259 g\u00f6r\u0259, vaxtiyk\u0259n Heyd\u0259r \u018fliyev\u0259 m\u00fcraci\u0259t el\u0259misiniz ki, AYB s\u0259dri olmaq ist\u0259mirsiniz, h\u0259tta s\u0259dr olsun dey\u0259 bir ne\u00e7\u0259 adam da t\u0259klif etmisiniz. O adamlar kiml\u0259r idi ki, Heyd\u0259r \u018fliyev onlar\u0131 b\u0259y\u0259nm\u0259di, sizin d\u0259 s\u0259drlikd\u0259n getm\u0259yiniz\u0259 xeyir-dua v\u0259 ya icaz\u0259 verm\u0259yib?<\/strong><\/p>\n\n\n\n<p>&#8211; B\u0259li, Romadan Bak\u0131ya qay\u0131dark\u0259n t\u0259yyar\u0259d\u0259 m\u0259rhum Heyd\u0259r \u018fliyevl\u0259 \u0259trafl\u0131 s\u00f6hb\u0259timiz oldu. B\u00fct\u00fcn yol boyu davam ed\u0259n \u00fc\u00e7 saatl\u0131q s\u00f6hb\u0259td\u0259n yaln\u0131z h\u0259min m\u0259s\u0259l\u0259y\u0259 aid par\u00e7an\u0131 deyim. N\u00f6vb\u0259ti qurultayda s\u0259drlikd\u0259n getm\u0259k ist\u0259diyimi dedim. \u201cB\u0259s s\u0259ni kim \u0259v\u0259z ed\u0259c\u0259k?\u201d \u2013 dey\u0259 x\u0259b\u0259r ald\u0131. \u00dc\u00e7 n\u0259f\u0259rin ad\u0131n\u0131 \u00e7\u0259kdim. Bunu ilk d\u0259f\u0259dir a\u00e7\u0131qlay\u0131ram: Yusif S\u0259m\u0259do\u011flu, Sabir R\u00fcst\u0259mxanl\u0131, Z\u0259limxan Yaqub. Prezident: \u201cBilirs\u0259n ki, m\u0259nim h\u0259r \u00fc\u00e7\u00fcn\u0259 b\u00f6y\u00fck h\u00f6rm\u0259tim var, \u2013 dedi. \u2013 H\u0259r \u00fc\u00e7\u00fcn\u00fc y\u00fcks\u0259k d\u0259y\u0259rl\u0259ndirir\u0259m (\u0130ndi onu da \u0259lav\u0259 ed\u0259 bil\u0259r\u0259m ki, Prezident Yusif S\u0259m\u0259do\u011flunun v\u0259 Sabir R\u00fcst\u0259mxanl\u0131n\u0131n yubileyl\u0259rind\u0259 \u015f\u0259xs\u0259n i\u015ftirak etmi\u015fdi. \u00c7in s\u0259f\u0259rin\u0259 Yusifi, Sabiri, Z\u0259limxan\u0131 aparm\u0131\u015fd\u0131). Yaz\u0131\u00e7\u0131lar Birliyinin beyn\u0259lxalq \u0259laq\u0259l\u0259rinin \u00e7ox vacib oldu\u011fu indiki vaxtda s\u0259nin s\u0259dr qalma\u011f\u0131n m\u0259sl\u0259h\u0259tdir\u201d. Heyd\u0259r \u018fliyev \u201cm\u0259sl\u0259h\u0259tdi\u201d s\u00f6z\u00fcn\u00fc i\u015fl\u0259tdi. O, he\u00e7 vaxt yaz\u0131\u00e7\u0131larla s\u00f6hb\u0259td\u0259 \u201cicaz\u0259 verm\u0259k\u201d kimi ifad\u0259l\u0259r i\u015fl\u0259tm\u0259zdi.<\/p>\n\n\n\n<p><strong>&#8211; B\u0259s sonralar niy\u0259 s\u0259drlikd\u0259n getm\u0259k ist\u0259m\u0259diniz?<\/strong><\/p>\n\n\n\n<p>&#8211; Sonralar da d\u0259f\u0259l\u0259rl\u0259 bu fikr\u0259 d\u00fc\u015fm\u00fc\u015f\u0259m. Amma b\u0259dxahlar\u0131m m\u0259ni devirm\u0259k\u00e7\u00fcn el\u0259 naqis i\u015f olmad\u0131 ki, ona \u0259l atmam\u0131\u015f olsunlar: Y\u00fcks\u0259k r\u00fctb\u0259li m\u0259murlardan tutmu\u015f varl\u0131-karl\u0131 oliqarxlara q\u0259d\u0259r, kim qald\u0131 \u201cm\u0259ni y\u0131xmaq\u00e7\u00fcn\u201d el\u00e7i salmas\u0131nlar? M\u0259tbuatda, saytlarda iftira, b\u00f6htan, yalan qalmad\u0131 ki, \u00fcnvan\u0131ma ya\u011fd\u0131rmas\u0131nlar! Be\u015f-on adamla \u201cmitinq\u201d ke\u00e7irib Yaz\u0131\u00e7\u0131lar Birliyind\u0259 \u00e7evrili\u015f etm\u0259y\u0259 \u00e7al\u0131\u015fd\u0131lar. Bel\u0259 bir \u015f\u0259raitd\u0259 istefa verib qarag\u00fcruhun qaba\u011f\u0131ndan qa\u00e7maq olmazd\u0131. M\u0259n i\u015fi bir az \u00e7\u0259tin\u0259 d\u00fc\u015f\u0259n kimi bir-iki g\u00fcrultulu c\u00fcml\u0259 deyib aradan \u00e7\u0131xanlardan deyil\u0259m. \u00d6z\u00fcm\u00fc g\u00fccl\u00fc say\u0131ram, \u00e7\u00fcnki arxamda Allah, h\u0259qiq\u0259t v\u0259 m\u0259ni layiqinc\u0259 tan\u0131yan v\u0259 d\u0259y\u0259rl\u0259ndir\u0259n xalq durur. He\u00e7 vaxt, he\u00e7 bir h\u0259r\u0259k\u0259t etm\u0259mi\u015f\u0259m ki, onun\u00e7\u00fcn g\u00f6z\u00fcm k\u00f6lg\u0259li olsun. Yaz\u0131\u00e7\u0131lar\u0131n \u0259ks\u0259riyy\u0259ti d\u0259 \u2013 qocas\u0131yla, cavan\u0131yla \u2013 m\u0259ni m\u0259hz buna g\u00f6r\u0259 d\u0259st\u0259kl\u0259yir. Be\u015f qurultayda yekdillikl\u0259 (sonuncu qurultayda iki s\u0259s istisna olmaqla) s\u0259dr se\u00e7ilm\u0259yim bunun \u0259yani g\u00f6st\u0259ricisidir. Qurultay n\u00fcmay\u0259nd\u0259l\u0259rind\u0259n birc\u0259si d\u0259 dey\u0259 bilm\u0259z ki, m\u0259n\u0259 s\u0259s verm\u0259l\u0259ri \u00fc\u00e7\u00fcn onlara hardansa \u2013 yuxar\u0131dan, a\u015fa\u011f\u0131dan, sa\u011fdan, soldan g\u00f6st\u0259ri\u015f, ya t\u0259zyiq olub. Demokratiya dedikl\u0259ri d\u0259 el\u0259 budur da. Yaln\u0131z \u00f6z irad\u0259l\u0259riyl\u0259 lehim\u0259 s\u0259s verdikl\u0259ri \u00fc\u00e7\u00fcn bir daha do\u011fma yaz\u0131\u00e7\u0131lar kollektivin\u0259 d\u0259rin minn\u0259tdarl\u0131\u011f\u0131m\u0131 bildirir\u0259m. Amma m\u0259s\u0259l\u0259y\u0259 h\u0259m d\u0259 ay\u0131q ba\u015fla bax\u0131ram. Yax\u015f\u0131 d\u0259rk edir\u0259m ki, m\u0259n\u0259 s\u0259s ver\u0259nl\u0259rin bir qismi n\u0259y\u0259 g\u00f6r\u0259 bu se\u00e7imi edir. \u00c7\u00fcnki yaz\u0131\u00e7\u0131lar\u0131n bir ne\u00e7\u0259si bu v\u0259zif\u0259d\u0259 \u00f6z\u00fcn\u00fc, ya yerlisini, ya \u0259n az\u0131 ona n\u0259l\u0259rs\u0259 v\u0259d ver\u0259n adam\u0131 g\u00f6rm\u0259k ist\u0259rdi. Amma i\u015f ondad\u0131r ki, v\u0259zif\u0259 bir, iddia\u00e7\u0131lar is\u0259 \u00e7oxdur, bu onu, o bunu bu v\u0259zif\u0259d\u0259 g\u00f6rm\u0259k ist\u0259m\u0259z. Yerl\u0259r d\u0259 m\u00fcxt\u0259lifdir ax\u0131, bu b\u00f6lg\u0259d\u0259n olan adam ba\u015fqa b\u00f6lg\u0259d\u0259n olan\u0131 o k\u00fcrs\u00fcd\u0259 g\u00f6rm\u0259k ist\u0259m\u0259z. O ki qald\u0131 v\u0259d verm\u0259y\u0259, icras\u0131 \u00e7\u0259tin, ya imkans\u0131z olan bo\u015f v\u0259dl\u0259r verm\u0259y\u0259 n\u0259 var ki. \u201cHamam suyuyla dost tutmaq\u201d \u0259n asan i\u015fdir. Odur ki, b\u00fct\u00fcn bu g\u00f6t\u00fcr-qoylardan sonra \u201cyen\u0259 Anar yax\u015f\u0131d\u0131r\u201d q\u0259rar\u0131na g\u0259lirl\u0259r. Sual\u0131n\u0131za tutarl\u0131 cavab ver\u0259 bildimmi?<\/p>\n\n\n\n<p><strong>&#8211; AYB-y\u0259 \u0259ks olan yaz\u0131\u00e7\u0131-\u015fairl\u0259r deyir ki, Anar\u0131n \u00c7ingiz Abdullayevd\u0259n xo\u015fu g\u0259lmir, onun lin\u00e7 olunmas\u0131nda \u0259li var. M\u0259s\u0259l\u0259n, Az\u0259rbaycan dili il\u0259 ba\u011fl\u0131 olan foruma \u00c7ingiz Abdullayevi q\u0259sd\u0259n g\u00f6nd\u0259rmi\u015fdiniz?<\/strong><\/p>\n\n\n\n<p>&#8211; Suallar\u0131n\u0131z\u0131n tonundan duyulur ki, Yaz\u0131\u00e7\u0131lar Birliyin\u0259 asi olanlardans\u0131z. Amma m\u0259n h\u0259mi\u015f\u0259 \u0259n tikanl\u0131 suallar\u0131 da cavabland\u0131rma\u011fa haz\u0131ram. Odur ki, nam\u0259lum yaz\u0131\u00e7\u0131-\u015fairl\u0259rin ad\u0131ndan verdiyiniz bu absurd sual\u0131 da cavabs\u0131z qoymuram. He\u00e7 bir yerd\u0259n he\u00e7 bir t\u0259klif, g\u00f6st\u0259ri\u015f, ya t\u0259sir olmadan 36 il bundan \u0259vv\u0259l m\u0259n \u015f\u0259xsi t\u0259\u015f\u0259bb\u00fcs\u00fcml\u0259 \u00c7ingiz Abdullayevi t\u0259\u015fkilat m\u0259s\u0259l\u0259l\u0259ri \u00fczr\u0259 katib g\u0259tirdim. Nizamnam\u0259miz\u0259 g\u00f6r\u0259 bu v\u0259zif\u0259y\u0259 Qurultayda se\u00e7ilmirl\u0259r. Birliyin r\u0259hb\u0259ri t\u0259r\u0259find\u0259n t\u0259yin olunurlar. Y\u0259ni, \u00c7ingizin bura g\u0259lm\u0259si ancaq v\u0259 ancaq m\u0259nim \u015f\u0259xsi t\u0259\u015f\u0259bb\u00fcs\u00fcmd\u00fcr. Sonrak\u0131 qurultaylarda \u00c7ingiz m\u0259nim t\u0259klifiml\u0259 t\u0259\u015fkilat katibi yox, tam h\u00fcquqlu katib se\u00e7ildi. B\u00fct\u00fcn bu ill\u0259r \u0259rzind\u0259 tam anla\u015f\u0131ql\u0131 v\u0259 qar\u015f\u0131l\u0131ql\u0131 h\u00f6rm\u0259t \u015f\u0259raitind\u0259 i\u015fl\u0259yirik. Etilbarl\u0131 dostum Fikr\u0259t Qocan\u0131n v\u0259fat\u0131ndan sonra yen\u0259 d\u0259 m\u0259nim t\u0259klifiml\u0259 \u00c7ingiz Birliyin Birinci katibi se\u00e7ildi. Hans\u0131 \u0259bl\u0259h m\u0259ntiql\u0259 m\u0259n \u00c7ingizi \u201clin\u00e7 etm\u0259k\u201d fikrin\u0259 d\u00fc\u015fm\u0259liy\u0259m? \u00c7ingiz h\u0259r g\u00fcn ne\u00e7\u0259 yerd\u0259 \u00e7\u0131x\u0131\u015f edir. Ham\u0131s\u0131na onu n\u0259 m\u0259qs\u0259dl\u0259s\u0259 m\u0259n g\u00f6nd\u0259rir\u0259m? H\u0259l\u0259 \u00e7ox ill\u0259r bundan \u0259vv\u0259l d\u0259 indiki iftira\u00e7\u0131lar\u0131n eyni a\u011f\u0131lda olan s\u0259l\u0259fl\u0259ri \u015fayi\u0259 buraxm\u0131\u015fd\u0131lar ki, guya m\u0259n \u00c7ingizin \u0259leyhin\u0259 imza toplay\u0131rm\u0131\u015fam. G\u00f6r\u00fcn\u00fcr, s\u0259fehlik d\u0259 n\u0259sild\u0259n n\u0259sil\u0259 miras kimi ke\u00e7ir. Bel\u0259l\u0259ri \u00f6z davran\u0131\u015flar\u0131n\u0131 ba\u015fqalar\u0131na aid etm\u0259kd\u0259 p\u0259rgard\u0131rlar. B\u0259z\u0259n m\u0259n\u0259 el\u0259 g\u0259lir ki, bu sayaq adamlar g\u00fczg\u00fcd\u0259 \u00f6zl\u0259rin\u0259 bax\u0131b m\u0259ni g\u00f6r\u00fcrl\u0259r.<\/p>\n\n\n\n<p><strong>&#8211; Anar m\u00fc\u0259llim, siz\u0259 el\u0259 g\u0259lmir ki, s\u0259dr olmasan\u0131z, bu g\u00fcn daha \u00e7ox sevil\u0259rdiniz? M\u0259lumdur ki, b\u0259zi insanlar t\u0259r\u0259find\u0259n sevilm\u0259m\u0259 s\u0259b\u0259biniz h\u0259m d\u0259 30 il s\u0259dr olma\u011f\u0131n\u0131zd\u0131r.<\/strong><\/p>\n\n\n\n<p>&#8211; M\u0259n otuz il yox, otuz yeddi ildir ki, Yaz\u0131\u00e7\u0131lar Birliyinin r\u0259hb\u0259riy\u0259m. Odur ki, sizin t\u0259birinizc\u0259 \u201csevilm\u0259m\u0259yimin\u201d tarixi yeddi il d\u0259 art\u0131qd\u0131r. M\u0259s\u0259l\u0259 ondad\u0131r ki, m\u0259n he\u00e7 vaxt ham\u0131 t\u0259r\u0259find\u0259n sevilm\u0259yi qar\u015f\u0131ma m\u0259qs\u0259d qoymam\u0131\u015fam. M\u0259nc\u0259, sevginin keyfiyy\u0259ti k\u0259miyy\u0259tind\u0259n \u00fcst\u00fcnd\u00fcr. M\u0259nim\u00e7\u00fcn \u0259n vacib olan \u015fey boynuna g\u00f6t\u00fcrd\u00fcy\u00fcn v\u0259zif\u0259ni namusla icra etm\u0259kdir. Bu, birinci \u015f\u0259rtdir. \u0130kinci, g\u00f6rd\u00fcy\u00fcn i\u015fin d\u00fczg\u00fcn v\u0259 \u0259dal\u0259tli anla\u015f\u0131lmas\u0131d\u0131r. Sevilib-sevilm\u0259m\u0259yini is\u0259 g\u0259r\u0259k vecin\u0259 almayasan. 37 il \u0259rzind\u0259 he\u00e7 bir \u015fey ummadan s\u0259hh\u0259timin, sa\u011flaml\u0131\u011f\u0131m\u0131n, istirah\u0259timin, n\u0259hay\u0259t, yarad\u0131c\u0131l\u0131\u011f\u0131m\u0131n hesab\u0131na bu \u00e7\u0259tind\u0259n \u00e7\u0259tin i\u015fi davam etdirir\u0259ms\u0259, buna g\u00f6r\u0259 m\u0259ni q\u0131namaq \u0259n az\u0131 insafs\u0131zl\u0131qd\u0131r. 86 ya\u015fda olma\u011f\u0131m\u0131 m\u0259n\u0259 irad tutanlara is\u0259 s\u00f6z\u00fcm budur ki, ham\u0131s\u0131 bu ya\u015fa \u00e7atd\u0131qdan sonra da \u00e7ox-\u00e7ox ill\u0259r ya\u015fas\u0131nlar.<\/p>\n\n\n\n<p><strong>&#8211; Anar m\u00fc\u0259llim, elan etmisiniz ki, n\u00f6vb\u0259ti qurultayda i\u015ftirak etm\u0259y\u0259c\u0259ksiniz. Tam s\u0259mimi, \u00f6z yeriniz\u0259 haz\u0131rda kimi g\u00f6r\u00fcrs\u00fcn\u00fcz? \u018fg\u0259r \u0259linizd\u0259 \u00f6z\u00fcn\u00fcz\u00fcn se\u00e7m\u0259k kimi ixtiyar\u0131n\u0131z olsayd\u0131, kimi se\u00e7\u0259rdiniz?<\/strong><\/p>\n\n\n\n<p>&#8211; M\u0259n he\u00e7 vaxt he\u00e7 yerd\u0259 dem\u0259mi\u015f\u0259m ki, n\u00f6vb\u0259ti qurutayda i\u015ftirak etm\u0259y\u0259c\u0259m. Demi\u015f\u0259m ki, n\u00f6vb\u0259ti qurultayda s\u0259drliy\u0259 namiz\u0259dliyimi ir\u0259li s\u00fcrm\u0259y\u0259c\u0259m. \u00d6m\u00fcr v\u0259fa ets\u0259, g\u0259l\u0259n qurultayda m\u00fctl\u0259q i\u015ftirak ed\u0259c\u0259m v\u0259 s\u0259dr v\u0259zif\u0259sin\u0259 \u0259n layiqli namiz\u0259d\u0259 s\u0259s ver\u0259c\u0259m. Onun ad\u0131n\u0131 is\u0259 qurultay g\u00fcn\u00fc ilk olaraq m\u0259hz siz\u0259 dey\u0259c\u0259yim\u0259 s\u00f6z verir\u0259m.<\/p>\n","protected":false},"excerpt":{"rendered":"<p>Az\u0259rbaycan Yaz\u0131\u00e7\u0131lar Birliyinin s\u0259dri, xalq yaz\u0131\u00e7\u0131s\u0131 Anar\u0131n&nbsp;Kult.az-a m\u00fcsahib\u0259si: &#8211; Anar m\u00fc\u0259llim, ke\u00e7mi\u015f AYO-\u00e7ular bir-bir sizi m\u00fcdafi\u0259 ed\u0259n yaz\u0131lar yaz\u0131r, m\u00fcsahib\u0259l\u0259r verir. Bunu sizin q\u0259l\u0259b\u0259niz hesab ed\u0259kmi? &#8211; M\u0259n he\u00e7 k\u0259sl\u0259 m\u00fcharib\u0259 aparmam\u0131\u015fam ki, q\u0259l\u0259b\u0259 \u00e7ald\u0131\u011f\u0131m\u0131 hesab edim. \u018fleyhim\u0259 \u00e7\u0131xanlar\u0131n aras\u0131nda da istedadl\u0131 adamlar oldu\u011funu he\u00e7 vaxt danmam\u0131\u015fam. \u0130ndi onlardan bir \u00e7oxu Yaz\u0131\u00e7\u0131lar Birliyin\u0259 \u00f6gey m\u00fcnasib\u0259tin &hellip;<\/p>\n","protected":false},"author":1,"featured_media":15188,"comment_status":"open","ping_status":"closed","sticky":false,"template":"","format":"standard","meta":{"footnotes":""},"categories":[3],"tags":[],"class_list":["post-15187","post","type-post","status-publish","format-standard","has-post-thumbnail","hentry","category-olke"],"_links":{"self":[{"href":"https:\/\/millitv.net\/index.php?rest_route=\/wp\/v2\/posts\/15187","targetHints":{"allow":["GET"]}}],"collection":[{"href":"https:\/\/millitv.net\/index.php?rest_route=\/wp\/v2\/posts"}],"about":[{"href":"https:\/\/millitv.net\/index.php?rest_route=\/wp\/v2\/types\/post"}],"author":[{"embeddable":true,"href":"https:\/\/millitv.net\/index.php?rest_route=\/wp\/v2\/users\/1"}],"replies":[{"embeddable":true,"href":"https:\/\/millitv.net\/index.php?rest_route=%2Fwp%2Fv2%2Fcomments&post=15187"}],"version-history":[{"count":1,"href":"https:\/\/millitv.net\/index.php?rest_route=\/wp\/v2\/posts\/15187\/revisions"}],"predecessor-version":[{"id":15189,"href":"https:\/\/millitv.net\/index.php?rest_route=\/wp\/v2\/posts\/15187\/revisions\/15189"}],"wp:featuredmedia":[{"embeddable":true,"href":"https:\/\/millitv.net\/index.php?rest_route=\/wp\/v2\/media\/15188"}],"wp:attachment":[{"href":"https:\/\/millitv.net\/index.php?rest_route=%2Fwp%2Fv2%2Fmedia&parent=15187"}],"wp:term":[{"taxonomy":"category","embeddable":true,"href":"https:\/\/millitv.net\/index.php?rest_route=%2Fwp%2Fv2%2Fcategories&post=15187"},{"taxonomy":"post_tag","embeddable":true,"href":"https:\/\/millitv.net\/index.php?rest_route=%2Fwp%2Fv2%2Ftags&post=15187"}],"curies":[{"name":"wp","href":"https:\/\/api.w.org\/{rel}","templated":true}]}}