{"id":15079,"date":"2024-09-17T08:29:28","date_gmt":"2024-09-17T08:29:28","guid":{"rendered":"https:\/\/millitv.net\/?p=15079"},"modified":"2024-09-17T08:29:31","modified_gmt":"2024-09-17T08:29:31","slug":"sosial-muavin%C9%99tl%C9%99r-artirilir-minimum-%C9%99m%C9%99khaqqi-600-manat-olacaq","status":"publish","type":"post","link":"https:\/\/millitv.net\/?p=15079","title":{"rendered":"Sosial m\u00fcavin\u0259tl\u0259r art\u0131r\u0131l\u0131r &#8211; Minimum \u0259m\u0259khaqq\u0131 600 manat olacaq"},"content":{"rendered":"\n<p><strong>Milli M\u0259clisd\u0259 2024-c\u00fc ilin yenil\u0259\u015fmi\u015f b\u00fcdc\u0259si m\u00fczakir\u0259 edil\u0259n zaman sosial prosesl\u0259rin t\u0259nziml\u0259nm\u0259si istiqam\u0259tind\u0259 \u0259lav\u0259 add\u0131mlar\u0131n at\u0131lmas\u0131n\u0131n vacibliyi m\u0259s\u0259l\u0259sini qald\u0131rm\u015fd\u0131q. Qazil\u0259r\u0259 veril\u0259n pulun iki d\u0259f\u0259 art\u0131r\u0131laraq 160 manata \u00e7atd\u0131r\u0131lmas\u0131 m\u0259s\u0259l\u0259si qoyulmu\u015fdu. Amma biz 160 manat yox, qazil\u0259r\u0259 veril\u0259n 80 manat\u0131n \u00fcz\u0259rin\u0259 100 manat \u0259lav\u0259nin edilm\u0259sini \u00f6n\u0259 \u00e7\u0259kmi\u015fdik.<\/strong><\/p>\n\n\n\n<p>Bunu&nbsp;<a target=\"_blank\" href=\"https:\/\/teleqraf.com\/\" rel=\"noreferrer noopener\">Teleqraf.com<\/a>-a Milli M\u0259clisin deputat\u0131 \u018fli M\u0259simli deyib.<\/p>\n\n\n\n<p>O qeyd edib ki, minimum \u0259m\u0259khaqq\u0131n\u0131n art\u0131r\u0131lmas\u0131 m\u0259s\u0259l\u0259si d\u0259 \u0259sas amill\u0259rd\u0259ndir:<\/p>\n\n\n\n<p>\u201c\u00d6lk\u0259mizin qo\u015fuldu\u011fu beyn\u0259lxalq konvensiyalara g\u00f6r\u0259, minimum \u0259m\u0259khaqq\u0131 orta ayl\u0131q \u0259m\u0259khaqq\u0131n\u0131n 60 faizi s\u0259viyy\u0259sind\u0259 olma\u0131d\u0131r. Haz\u0131rda \u00f6lk\u0259mizd\u0259 minimum \u0259m\u0259khaqq\u0131 345 manat s\u0259viyy\u0259sind\u0259 m\u00fc\u0259yy\u0259nl\u0259\u015fib. Bu da s\u00f6zs\u00fcz ki, d\u00f6vl\u0259timizin qo\u015fuldu\u011fu konvensiyan\u0131n t\u0259l\u0259bl\u0259rind\u0259n xeyli d\u0259r\u0259c\u0259d\u0259 a\u015fa\u011f\u0131d\u0131r\u201d.<\/p>\n\n\n\n<p>Mill\u0259t v\u0259kili bildirib ki, minimum \u0259m\u0259khaqq\u0131n\u0131 m\u0259rh\u0259l\u0259li \u015f\u0259kild\u0259 qald\u0131raraq orta ayl\u0131q \u0259m\u0259khaqq\u0131n\u0131n 60 faizi s\u0259viyy\u0259sin\u0259 \u00e7atd\u0131rmaq m\u00fcmk\u00fcnd\u00fcr:<\/p>\n\n\n\n<p>\u201cBel\u0259likl\u0259, minimum \u0259m\u0259khaqq\u0131n\u0131n 594 manata \u00e7atd\u0131rmaq olar. Art\u0131q \u00f6lk\u0259mizd\u0259 orta ayl\u0131q \u0259m\u0259khaqq\u0131nda d\u0259yi\u015fiklik var. Ona g\u00f6r\u0259 d\u0259, faiz nisb\u0259ti il\u0259 g\u00f6t\u00fcr\u00fcld\u00fckd\u0259 minimum \u0259m\u0259khaqq\u0131n\u0131n 600 manatdan art\u0131q olaca\u011f\u0131 proqnozla\u015fd\u0131r\u0131l\u0131r\u201d.<a href=\"https:\/\/smartbee.az\/az\/faq_Advetisers\" target=\"_blank\" rel=\"noreferrer noopener\"><\/a><a href=\"https:\/\/smartbee.az\/az\/faq_Publishers\" target=\"_blank\" rel=\"noreferrer noopener\"><\/a><\/p>\n\n\n\n<p>\u018fli M\u0259simli pensiya mexanizminin t\u0259kmill\u0259\u015fdirilm\u0259si m\u0259s\u0259l\u0259sin\u0259 d\u0259 toxunub:<\/p>\n\n\n\n<p>\u201c\u0130ndiki pensiya mexanizmi il\u0259 yet\u0259rinc\u0259 pensiya kapital\u0131 olmayan insanlar t\u0259qa\u00fcd ala bilmir. Onlar ancaq qocal\u0131q m\u00fcavin\u0259ti al\u0131r. Qocal\u0131q m\u00fcavin\u0259tinin is\u0259 h\u0259cmi \u00e7ox a\u015fa\u011f\u0131d\u0131r. Bu s\u0259viyy\u0259d\u0259 olan m\u00fcavin\u0259tl\u0259 ya\u015fl\u0131 bir insan minimum t\u0259l\u0259bat\u0131n\u0131, dava-d\u0259rmana olan ehtiyaclar\u0131n\u0131 \u00f6d\u0259y\u0259 bilmir. Ona g\u00f6r\u0259 d\u0259, qocal\u0131q m\u00fcavin\u0259ti alanlar\u0131n m\u00fcavin\u0259tinin art\u0131r\u0131lmas\u0131 m\u0259s\u0259l\u0259si g\u00fcnd\u0259m\u0259 g\u0259tirilmi\u015fdi\u201d.<\/p>\n","protected":false},"excerpt":{"rendered":"<p>Milli M\u0259clisd\u0259 2024-c\u00fc ilin yenil\u0259\u015fmi\u015f b\u00fcdc\u0259si m\u00fczakir\u0259 edil\u0259n zaman sosial prosesl\u0259rin t\u0259nziml\u0259nm\u0259si istiqam\u0259tind\u0259 \u0259lav\u0259 add\u0131mlar\u0131n at\u0131lmas\u0131n\u0131n vacibliyi m\u0259s\u0259l\u0259sini qald\u0131rm\u015fd\u0131q. Qazil\u0259r\u0259 veril\u0259n pulun iki d\u0259f\u0259 art\u0131r\u0131laraq 160 manata \u00e7atd\u0131r\u0131lmas\u0131 m\u0259s\u0259l\u0259si qoyulmu\u015fdu. Amma biz 160 manat yox, qazil\u0259r\u0259 veril\u0259n 80 manat\u0131n \u00fcz\u0259rin\u0259 100 manat \u0259lav\u0259nin edilm\u0259sini \u00f6n\u0259 \u00e7\u0259kmi\u015fdik. Bunu&nbsp;Teleqraf.com-a Milli M\u0259clisin deputat\u0131 \u018fli M\u0259simli deyib. O qeyd &hellip;<\/p>\n","protected":false},"author":1,"featured_media":15080,"comment_status":"open","ping_status":"closed","sticky":false,"template":"","format":"standard","meta":{"footnotes":""},"categories":[3],"tags":[11,10],"class_list":["post-15079","post","type-post","status-publish","format-standard","has-post-thumbnail","hentry","category-olke","tag-pensiya","tag-sosial-muavint"],"_links":{"self":[{"href":"https:\/\/millitv.net\/index.php?rest_route=\/wp\/v2\/posts\/15079","targetHints":{"allow":["GET"]}}],"collection":[{"href":"https:\/\/millitv.net\/index.php?rest_route=\/wp\/v2\/posts"}],"about":[{"href":"https:\/\/millitv.net\/index.php?rest_route=\/wp\/v2\/types\/post"}],"author":[{"embeddable":true,"href":"https:\/\/millitv.net\/index.php?rest_route=\/wp\/v2\/users\/1"}],"replies":[{"embeddable":true,"href":"https:\/\/millitv.net\/index.php?rest_route=%2Fwp%2Fv2%2Fcomments&post=15079"}],"version-history":[{"count":1,"href":"https:\/\/millitv.net\/index.php?rest_route=\/wp\/v2\/posts\/15079\/revisions"}],"predecessor-version":[{"id":15081,"href":"https:\/\/millitv.net\/index.php?rest_route=\/wp\/v2\/posts\/15079\/revisions\/15081"}],"wp:featuredmedia":[{"embeddable":true,"href":"https:\/\/millitv.net\/index.php?rest_route=\/wp\/v2\/media\/15080"}],"wp:attachment":[{"href":"https:\/\/millitv.net\/index.php?rest_route=%2Fwp%2Fv2%2Fmedia&parent=15079"}],"wp:term":[{"taxonomy":"category","embeddable":true,"href":"https:\/\/millitv.net\/index.php?rest_route=%2Fwp%2Fv2%2Fcategories&post=15079"},{"taxonomy":"post_tag","embeddable":true,"href":"https:\/\/millitv.net\/index.php?rest_route=%2Fwp%2Fv2%2Ftags&post=15079"}],"curies":[{"name":"wp","href":"https:\/\/api.w.org\/{rel}","templated":true}]}}