{"id":15057,"date":"2024-09-16T14:32:06","date_gmt":"2024-09-16T14:32:06","guid":{"rendered":"https:\/\/millitv.net\/?p=15057"},"modified":"2024-09-16T14:32:07","modified_gmt":"2024-09-16T14:32:07","slug":"mirz%C9%99-babayevin-qardasi-insanlari-bel%C9%99-aldadir-sok","status":"publish","type":"post","link":"https:\/\/millitv.net\/?p=15057","title":{"rendered":"Mirz\u0259 Babayevin &#8220;qarda\u015f\u0131&#8221;\u00a0insanlar\u0131 bel\u0259 aldad\u0131r &#8211; \u015eOK"},"content":{"rendered":"\n<p><strong>Bak\u0131da \u00f6z\u00fcn\u00fc m\u0259rhum Xalq artisti Mirz\u0259 Babayevin qarda\u015f\u0131 kimi t\u0259qdim ed\u0259n \u015f\u0259xs\u00a0 s\u0259n\u0259tkar\u0131 sev\u0259n insanlardan m\u00fcxt\u0259lif b\u0259han\u0259l\u0259rl\u0259 pul al\u0131r.<\/strong><\/p>\n\n\n\n<p>Bu bar\u0259d\u0259 Mirz\u0259 Babayevin n\u0259v\u0259si Emin Babayev feysbuk hesab\u0131nda yaz\u0131b.\u00a0N\u0259v\u0259nin s\u00f6zl\u0259rin\u0259 g\u00f6r\u0259, h\u0259min \u015f\u0259xs \u00f6z\u00fc il\u0259 Mirz\u0259 Babayevin \u015f\u0259klini g\u0259zdirir:<\/p>\n\n\n\n<p>\u201cSif\u0259td\u0259n m\u00fc\u0259yy\u0259n ox\u015farl\u0131\u011f\u0131 var, ail\u0259miz haqq\u0131nda b\u0259zi m\u0259lumatlar\u0131 \u0259zb\u0259rl\u0259yib, geyimind\u0259 d\u0259 \u00e7al\u0131\u015f\u0131r ki Mirz\u0259 Babayeva ox\u015fas\u0131n. Art\u0131q bir ne\u00e7\u0259 ildir \u015f\u0259kild\u0259 g\u00f6rd\u00fcy\u00fcn\u00fcz ki\u015fi \u015f\u0259h\u0259rin m\u00fcxt\u0259lif yerl\u0259rind\u0259, \u0259sas\u0259n kafe v\u0259 marketl\u0259rd\u0259, \u00f6z\u00fcn\u00fc Mirz\u0259 Babayevin qarda\u015f\u0131 kimi t\u0259qdim ed\u0259r\u0259k insanlardan m\u00fcxt\u0259lif formalarda xeyir al\u0131r. Kimd\u0259ns\u0259 pul ist\u0259yir, kims\u0259 onun yediyi yem\u0259yin hesab\u0131n\u0131 \u00f6d\u0259yir v\u0259 s\u201d.<\/p>\n\n\n\n<p>Emin Babayev babas\u0131n\u0131n sonuncu qarda\u015f\u0131n\u0131n 11 il\u00a0\u0259vv\u0259l v\u0259fat etdiyini yaz\u0131b.\/\/Lent.az<\/p>\n\n\n\n<figure class=\"wp-block-image\"><img decoding=\"async\" src=\"https:\/\/lent.az\/storage\/newsEditorImages\/457312195_8270009926411472_8441287774976734513_n%20(1)_1724750751.jpg\" alt=\"\" title=\"\"><\/figure>\n","protected":false},"excerpt":{"rendered":"<p>Bak\u0131da \u00f6z\u00fcn\u00fc m\u0259rhum Xalq artisti Mirz\u0259 Babayevin qarda\u015f\u0131 kimi t\u0259qdim ed\u0259n \u015f\u0259xs\u00a0 s\u0259n\u0259tkar\u0131 sev\u0259n insanlardan m\u00fcxt\u0259lif b\u0259han\u0259l\u0259rl\u0259 pul al\u0131r. Bu bar\u0259d\u0259 Mirz\u0259 Babayevin n\u0259v\u0259si Emin Babayev feysbuk hesab\u0131nda yaz\u0131b.\u00a0N\u0259v\u0259nin s\u00f6zl\u0259rin\u0259 g\u00f6r\u0259, h\u0259min \u015f\u0259xs \u00f6z\u00fc il\u0259 Mirz\u0259 Babayevin \u015f\u0259klini g\u0259zdirir: \u201cSif\u0259td\u0259n m\u00fc\u0259yy\u0259n ox\u015farl\u0131\u011f\u0131 var, ail\u0259miz haqq\u0131nda b\u0259zi m\u0259lumatlar\u0131 \u0259zb\u0259rl\u0259yib, geyimind\u0259 d\u0259 \u00e7al\u0131\u015f\u0131r ki Mirz\u0259 Babayeva ox\u015fas\u0131n. &hellip;<\/p>\n","protected":false},"author":1,"featured_media":15058,"comment_status":"open","ping_status":"closed","sticky":false,"template":"","format":"standard","meta":{"footnotes":""},"categories":[6,3],"tags":[],"class_list":["post-15057","post","type-post","status-publish","format-standard","has-post-thumbnail","hentry","category-maqazin","category-olke"],"_links":{"self":[{"href":"https:\/\/millitv.net\/index.php?rest_route=\/wp\/v2\/posts\/15057","targetHints":{"allow":["GET"]}}],"collection":[{"href":"https:\/\/millitv.net\/index.php?rest_route=\/wp\/v2\/posts"}],"about":[{"href":"https:\/\/millitv.net\/index.php?rest_route=\/wp\/v2\/types\/post"}],"author":[{"embeddable":true,"href":"https:\/\/millitv.net\/index.php?rest_route=\/wp\/v2\/users\/1"}],"replies":[{"embeddable":true,"href":"https:\/\/millitv.net\/index.php?rest_route=%2Fwp%2Fv2%2Fcomments&post=15057"}],"version-history":[{"count":1,"href":"https:\/\/millitv.net\/index.php?rest_route=\/wp\/v2\/posts\/15057\/revisions"}],"predecessor-version":[{"id":15059,"href":"https:\/\/millitv.net\/index.php?rest_route=\/wp\/v2\/posts\/15057\/revisions\/15059"}],"wp:featuredmedia":[{"embeddable":true,"href":"https:\/\/millitv.net\/index.php?rest_route=\/wp\/v2\/media\/15058"}],"wp:attachment":[{"href":"https:\/\/millitv.net\/index.php?rest_route=%2Fwp%2Fv2%2Fmedia&parent=15057"}],"wp:term":[{"taxonomy":"category","embeddable":true,"href":"https:\/\/millitv.net\/index.php?rest_route=%2Fwp%2Fv2%2Fcategories&post=15057"},{"taxonomy":"post_tag","embeddable":true,"href":"https:\/\/millitv.net\/index.php?rest_route=%2Fwp%2Fv2%2Ftags&post=15057"}],"curies":[{"name":"wp","href":"https:\/\/api.w.org\/{rel}","templated":true}]}}