{"id":15041,"date":"2024-09-16T13:35:40","date_gmt":"2024-09-16T13:35:40","guid":{"rendered":"https:\/\/millitv.net\/?p=15041"},"modified":"2024-09-16T13:35:41","modified_gmt":"2024-09-16T13:35:41","slug":"kisi-h%C9%99m-pul-qazanmali-h%C9%99m-d%C9%99-evd%C9%99-paltar-yuyub-s%C9%99rm%C9%99lidir","status":"publish","type":"post","link":"https:\/\/millitv.net\/?p=15041","title":{"rendered":"\u201cKi\u015fi h\u0259m pul qazanmal\u0131, h\u0259m d\u0259 evd\u0259 paltar yuyub s\u0259rm\u0259lidir\u201d"},"content":{"rendered":"\n<p><strong>\u201cNigar xan\u0131m\u201d verili\u015find\u0259 ki\u015fi-qad\u0131n m\u00fcnasib\u0259tl\u0259ri canl\u0131 yay\u0131mda m\u00fcbahis\u0259 yarad\u0131b.<\/strong><\/p>\n\n\n\n<p>Millitv.net x\u0259b\u0259r verir ki, m\u00fc\u011f\u0259nni Sevinc A\u011fa\u015firinova ki\u015finin h\u0259m pul qazanmal\u0131, h\u0259m d\u0259 evd\u0259 paltar yuyub, paltar s\u0259rm\u0259kd\u0259 xan\u0131ma k\u00f6m\u0259k etm\u0259li oldu\u011funu bildirib.<\/p>\n\n\n\n<p>Bu fikir is\u0259 etirazla qar\u015f\u0131lan\u0131b. Verili\u015fd\u0259 qonaq olan ekspertl\u0259rin bir qismi onun fikirl\u0259ri il\u0259 raz\u0131la\u015fmay\u0131blar.<\/p>\n\n\n\n<p>Q\u0131sa zaman \u0259rzind\u0259 sosial \u015f\u0259b\u0259k\u0259l\u0259rd\u0259 yay\u0131lan kadrlar m\u00fczakir\u0259y\u0259 s\u0259b\u0259b olub.<\/p>\n\n\n\n<p><a href=\"https:\/\/player.bax.tv\/embed\/201180.html?utm_source=playerden&amp;utm_medium=paylasim&amp;utm_campaign=sosial-xeberler\" target=\"_blank\" rel=\"noopener\">https:\/\/player.bax.tv\/embed\/201180.html?utm_source=playerden&amp;utm_medium=paylasim&amp;utm_campaign=sosial-xeberler<\/a><\/p>\n\n\n\n<p>Yenisabah.az<\/p>\n","protected":false},"excerpt":{"rendered":"<p>\u201cNigar xan\u0131m\u201d verili\u015find\u0259 ki\u015fi-qad\u0131n m\u00fcnasib\u0259tl\u0259ri canl\u0131 yay\u0131mda m\u00fcbahis\u0259 yarad\u0131b. Millitv.net x\u0259b\u0259r verir ki, m\u00fc\u011f\u0259nni Sevinc A\u011fa\u015firinova ki\u015finin h\u0259m pul qazanmal\u0131, h\u0259m d\u0259 evd\u0259 paltar yuyub, paltar s\u0259rm\u0259kd\u0259 xan\u0131ma k\u00f6m\u0259k etm\u0259li oldu\u011funu bildirib. Bu fikir is\u0259 etirazla qar\u015f\u0131lan\u0131b. Verili\u015fd\u0259 qonaq olan ekspertl\u0259rin bir qismi onun fikirl\u0259ri il\u0259 raz\u0131la\u015fmay\u0131blar. Q\u0131sa zaman \u0259rzind\u0259 sosial \u015f\u0259b\u0259k\u0259l\u0259rd\u0259 yay\u0131lan kadrlar m\u00fczakir\u0259y\u0259 &hellip;<\/p>\n","protected":false},"author":1,"featured_media":15042,"comment_status":"open","ping_status":"closed","sticky":false,"template":"","format":"standard","meta":{"footnotes":""},"categories":[6,3],"tags":[],"class_list":["post-15041","post","type-post","status-publish","format-standard","has-post-thumbnail","hentry","category-maqazin","category-olke"],"_links":{"self":[{"href":"https:\/\/millitv.net\/index.php?rest_route=\/wp\/v2\/posts\/15041","targetHints":{"allow":["GET"]}}],"collection":[{"href":"https:\/\/millitv.net\/index.php?rest_route=\/wp\/v2\/posts"}],"about":[{"href":"https:\/\/millitv.net\/index.php?rest_route=\/wp\/v2\/types\/post"}],"author":[{"embeddable":true,"href":"https:\/\/millitv.net\/index.php?rest_route=\/wp\/v2\/users\/1"}],"replies":[{"embeddable":true,"href":"https:\/\/millitv.net\/index.php?rest_route=%2Fwp%2Fv2%2Fcomments&post=15041"}],"version-history":[{"count":1,"href":"https:\/\/millitv.net\/index.php?rest_route=\/wp\/v2\/posts\/15041\/revisions"}],"predecessor-version":[{"id":15043,"href":"https:\/\/millitv.net\/index.php?rest_route=\/wp\/v2\/posts\/15041\/revisions\/15043"}],"wp:featuredmedia":[{"embeddable":true,"href":"https:\/\/millitv.net\/index.php?rest_route=\/wp\/v2\/media\/15042"}],"wp:attachment":[{"href":"https:\/\/millitv.net\/index.php?rest_route=%2Fwp%2Fv2%2Fmedia&parent=15041"}],"wp:term":[{"taxonomy":"category","embeddable":true,"href":"https:\/\/millitv.net\/index.php?rest_route=%2Fwp%2Fv2%2Fcategories&post=15041"},{"taxonomy":"post_tag","embeddable":true,"href":"https:\/\/millitv.net\/index.php?rest_route=%2Fwp%2Fv2%2Ftags&post=15041"}],"curies":[{"name":"wp","href":"https:\/\/api.w.org\/{rel}","templated":true}]}}