{"id":15020,"date":"2024-09-16T06:57:08","date_gmt":"2024-09-16T06:57:08","guid":{"rendered":"https:\/\/millitv.net\/?p=15020"},"modified":"2024-09-16T06:57:09","modified_gmt":"2024-09-16T06:57:09","slug":"ayt%C9%99n-s%C9%99f%C9%99rova-uzun-fasil%C9%99d%C9%99n-sonra-efird%C9%99-foto","status":"publish","type":"post","link":"https:\/\/millitv.net\/?p=15020","title":{"rendered":"Ayt\u0259n S\u0259f\u0259rova uzun fasil\u0259d\u0259n sonra efird\u0259 &#8211; FOTO"},"content":{"rendered":"\n<p><strong>Apar\u0131c\u0131 Ayt\u0259n S\u0259f\u0259rova uzun fasil\u0259d\u0259n sonra efir\u0259 qay\u0131d\u0131b.<\/strong><\/p>\n\n\n\n<p>Millitv.net x\u0259b\u0259r verir ki, o, yenid\u0259n &#8220;X\u0259b\u0259r ert\u0259si&#8221; verili\u015fi il\u0259 tama\u015fa\u00e7\u0131lar\u0131n qar\u015f\u0131s\u0131na \u00e7\u0131x\u0131b.<\/p>\n\n\n\n<p>Ayt\u0259n bildirib ki, bu g\u00fcn o\u011flu Nizami birinci sinf\u0259 gedir.&nbsp;<\/p>\n\n\n\n<p>Qeyd ed\u0259k ki, A.S\u0259f\u0259rova apreld\u0259 q\u0259zaya d\u00fc\u015f\u00fcb v\u0259 h\u0259min g\u00fcnd\u0259m efir\u0259 \u00e7\u0131xm\u0131r. Hadis\u0259 s\u0259h\u0259r saatlar\u0131nda 8 Noyabr prospekti istiqam\u0259tind\u0259 ba\u015f verib. \u201cHyundai\u201d markal\u0131 iki minik avtomobilinin toqqu\u015fmas\u0131 n\u0259tic\u0259sind\u0259 ma\u015f\u0131nlardan biri yolun h\u0259r\u0259k\u0259t hiss\u0259sind\u0259 a\u015f\u0131b v\u0259 k\u0259narda dayanm\u0131\u015f \u201cK\u0130A\u201dya \u00e7\u0131rp\u0131l\u0131b. A.S\u0259f\u0259rova m\u00fcxt\u0259lif d\u0259r\u0259c\u0259li x\u0259sar\u0259tl\u0259rl\u0259 x\u0259st\u0259xanaya yerl\u0259\u015fdirilib. Dig\u0259r avtomobild\u0259 olan 2005-ci il t\u0259v\u0259ll\u00fcdl\u00fc Ayxan \u018fliyev v\u0259fat edib.<\/p>\n\n\n\n<figure class=\"wp-block-image\"><img decoding=\"async\" src=\"https:\/\/axsam.az\/img\/pics\/large\/2024-09\/282653_w008u1pm7y.jpg\" alt=\"\" title=\"\"><\/figure>\n","protected":false},"excerpt":{"rendered":"<p>Apar\u0131c\u0131 Ayt\u0259n S\u0259f\u0259rova uzun fasil\u0259d\u0259n sonra efir\u0259 qay\u0131d\u0131b. Millitv.net x\u0259b\u0259r verir ki, o, yenid\u0259n &#8220;X\u0259b\u0259r ert\u0259si&#8221; verili\u015fi il\u0259 tama\u015fa\u00e7\u0131lar\u0131n qar\u015f\u0131s\u0131na \u00e7\u0131x\u0131b. Ayt\u0259n bildirib ki, bu g\u00fcn o\u011flu Nizami birinci sinf\u0259 gedir.&nbsp; Qeyd ed\u0259k ki, A.S\u0259f\u0259rova apreld\u0259 q\u0259zaya d\u00fc\u015f\u00fcb v\u0259 h\u0259min g\u00fcnd\u0259m efir\u0259 \u00e7\u0131xm\u0131r. Hadis\u0259 s\u0259h\u0259r saatlar\u0131nda 8 Noyabr prospekti istiqam\u0259tind\u0259 ba\u015f verib. \u201cHyundai\u201d markal\u0131 iki &hellip;<\/p>\n","protected":false},"author":1,"featured_media":15021,"comment_status":"open","ping_status":"closed","sticky":false,"template":"","format":"standard","meta":{"footnotes":""},"categories":[6,3],"tags":[],"class_list":["post-15020","post","type-post","status-publish","format-standard","has-post-thumbnail","hentry","category-maqazin","category-olke"],"_links":{"self":[{"href":"https:\/\/millitv.net\/index.php?rest_route=\/wp\/v2\/posts\/15020","targetHints":{"allow":["GET"]}}],"collection":[{"href":"https:\/\/millitv.net\/index.php?rest_route=\/wp\/v2\/posts"}],"about":[{"href":"https:\/\/millitv.net\/index.php?rest_route=\/wp\/v2\/types\/post"}],"author":[{"embeddable":true,"href":"https:\/\/millitv.net\/index.php?rest_route=\/wp\/v2\/users\/1"}],"replies":[{"embeddable":true,"href":"https:\/\/millitv.net\/index.php?rest_route=%2Fwp%2Fv2%2Fcomments&post=15020"}],"version-history":[{"count":1,"href":"https:\/\/millitv.net\/index.php?rest_route=\/wp\/v2\/posts\/15020\/revisions"}],"predecessor-version":[{"id":15022,"href":"https:\/\/millitv.net\/index.php?rest_route=\/wp\/v2\/posts\/15020\/revisions\/15022"}],"wp:featuredmedia":[{"embeddable":true,"href":"https:\/\/millitv.net\/index.php?rest_route=\/wp\/v2\/media\/15021"}],"wp:attachment":[{"href":"https:\/\/millitv.net\/index.php?rest_route=%2Fwp%2Fv2%2Fmedia&parent=15020"}],"wp:term":[{"taxonomy":"category","embeddable":true,"href":"https:\/\/millitv.net\/index.php?rest_route=%2Fwp%2Fv2%2Fcategories&post=15020"},{"taxonomy":"post_tag","embeddable":true,"href":"https:\/\/millitv.net\/index.php?rest_route=%2Fwp%2Fv2%2Ftags&post=15020"}],"curies":[{"name":"wp","href":"https:\/\/api.w.org\/{rel}","templated":true}]}}