{"id":1498,"date":"2023-10-13T16:40:00","date_gmt":"2023-10-13T16:40:00","guid":{"rendered":"https:\/\/millinews.az\/xeber\/14-yasinda-evlilik-ucun-qacirilib-oldurul%C9%99n-aytacin-m%C9%99zari\/"},"modified":"2023-10-13T16:40:00","modified_gmt":"2023-10-13T16:40:00","slug":"14-yasinda-evlilik-ucun-qacirilib-oldurul%C9%99n-aytacin-m%C9%99zari","status":"publish","type":"post","link":"https:\/\/millitv.net\/?p=1498","title":{"rendered":"14 ya\u015f\u0131nda evlilik \u00fc\u00e7\u00fcn qa\u00e7\u0131r\u0131l\u0131b \u00f6ld\u00fcr\u00fcl\u0259n Aytac\u0131n m\u0259zar\u0131"},"content":{"rendered":"<div id=\"maincontent\">&#13;<br \/>\n        &#13;<\/p>\n<p><strong>X\u0259b\u0259r verdiyimiz kimi G\u00fcrc\u00fcstanda az\u0259rbaycanl\u0131lar\u0131n kompakt ya\u015fad\u0131\u011f\u0131 Saqareco rayonunun L\u0259mb\u0259li k\u0259ndind\u0259 14 ya\u015fl\u0131 Aytac \u015eahmarova q\u0259tl\u0259 yetirilib.<\/strong><\/p>\n<p><a href=\"https:\/\/Millinews.az\" target=\"_blank\" class=\"kw-link\" rel=\"noopener\">Millinews.az<\/a> x\u0259b\u0259r verir ki, onu q\u0259tl\u0259 yetirm\u0259kd\u0259 \u015f\u00fcbh\u0259li bilin\u0259n \u201ch\u0259yat yolda\u015f\u0131\u201d 1996-c\u0131 il t\u0259v\u0259ll\u00fcdl\u00fc Alim Sadiqov saxlan\u0131l\u0131b. Bu bar\u0259d\u0259 G\u00fcrc\u00fcstan\u0131n Daxili \u0130\u015fl\u0259r Nazirliyi (D\u0130N) m\u0259lumat yay\u0131b. &#13;\n<\/p>\n<p>Aytac \u015eahmarovan\u0131n anas\u0131 bildirib ki, q\u0131z\u0131 2 ay \u0259vv\u0259l Alim Sadiqov t\u0259r\u0259find\u0259n \u201cevl\u0259nm\u0259k\u201d m\u0259qs\u0259dil\u0259 qa\u00e7\u0131r\u0131l\u0131b. Yerli K\u0130V-in m\u0259lumat\u0131na g\u00f6r\u0259, azya\u015fl\u0131 bu m\u00fcdd\u0259t \u0259rzind\u0259 bir ne\u00e7\u0259 d\u0259f\u0259 qa\u00e7ma\u011fa da \u00e7al\u0131\u015f\u0131b, h\u0259tta bir d\u0259f\u0259 qa\u00e7ma\u011fa m\u00fcv\u0259ff\u0259q olub. Lakin ail\u0259l\u0259rin bir araya g\u0259lm\u0259sind\u0259n sonra Aytac \u015eahmarova \u201c\u0259r evi\u201dn\u0259 qaytar\u0131l\u0131b.<\/p>\n<p>Yerli sakinl\u0259rin s\u00f6zl\u0259rin\u0259 g\u00f6r\u0259, A. Sadiqov qeyri-r\u0259smi nikahda oldu\u011fu Aytac \u015eahmarovaya odlu silahdan 3 d\u0259f\u0259 at\u0259\u015f a\u00e7araq x\u0259sar\u0259t yetirib, yeniyetm\u0259 ald\u0131\u011f\u0131 g\u00fcll\u0259 yaras\u0131ndan hadis\u0259 yerind\u0259c\u0259 ke\u00e7inib. Baku tv <span>Aytac \u015eahmarova<\/span>n\u0131n m\u0259zar\u0131nda \u00e7\u0259kili\u015f apar\u0131b. M\u0259zar\u0131n \u00fcz\u0259rind\u0259 toy vasit\u0259l\u0259rinin, xon\u00e7an\u0131n olmas\u0131 diqq\u0259t \u00e7\u0259kib.<\/p>\n<p><iframe loading=\"lazy\" title=\"14 ya\u015f\u0131nda evlilik \u00fc\u00e7\u00fcn qa\u00e7\u0131r\u0131l\u0131b q\u0259tl\u0259 yetiril\u0259n Aytac\u0131n m\u0259zar\u0131\" width=\"500\" height=\"281\" src=\"https:\/\/www.youtube.com\/embed\/AbIHyoPdV3M?feature=oembed\" frameborder=\"0\" allow=\"accelerometer; autoplay; clipboard-write; encrypted-media; gyroscope; picture-in-picture; web-share\" referrerpolicy=\"strict-origin-when-cross-origin\" allowfullscreen><\/iframe><br \/>&#13;<br \/>\n        &#13;<br \/>\n&#13;<br \/>\n        &#13;<br \/>\n&#13;\n        <\/p>\n<p><noscript><\/p>\n<p>You must enable Javascript on your browser for the site to work optimally and display sections completely.<\/p>\n<p><\/noscript>\t\t&#13;<br \/>\n\t\t&#13;\n    <\/div>\n<p><script type=\"text\/javascript\">jQuery(document).ready(function () {\n(function(d, s, id) {\n    var js, fjs = d.getElementsByTagName(s)[0];\n    if (d.getElementById(id))\n        return;\n    js = d.createElement(s);\n    js.id = id;\n    js.src = \"\/\/connect.facebook.net\/az_AZ\/all.js#xfbml=1&appId=1002485763137712\";\n    fjs.parentNode.insertBefore(js, fjs);\n}(document, 'script', 'facebook-jssdk'));                \n});<\/script><\/p>\n","protected":false},"excerpt":{"rendered":"<p>&#13; &#13; X\u0259b\u0259r verdiyimiz kimi G\u00fcrc\u00fcstanda az\u0259rbaycanl\u0131lar\u0131n kompakt ya\u015fad\u0131\u011f\u0131 Saqareco rayonunun L\u0259mb\u0259li k\u0259ndind\u0259 14 ya\u015fl\u0131 Aytac \u015eahmarova q\u0259tl\u0259 yetirilib. Millinews.az x\u0259b\u0259r verir ki, onu q\u0259tl\u0259 yetirm\u0259kd\u0259 \u015f\u00fcbh\u0259li bilin\u0259n \u201ch\u0259yat yolda\u015f\u0131\u201d 1996-c\u0131 il t\u0259v\u0259ll\u00fcdl\u00fc Alim Sadiqov saxlan\u0131l\u0131b. Bu bar\u0259d\u0259 G\u00fcrc\u00fcstan\u0131n Daxili \u0130\u015fl\u0259r Nazirliyi (D\u0130N) m\u0259lumat yay\u0131b. &#13; Aytac \u015eahmarovan\u0131n anas\u0131 bildirib ki, q\u0131z\u0131 2 ay \u0259vv\u0259l &hellip;<\/p>\n","protected":false},"author":1,"featured_media":1499,"comment_status":"open","ping_status":"closed","sticky":false,"template":"","format":"standard","meta":{"footnotes":""},"categories":[9],"tags":[],"class_list":["post-1498","post","type-post","status-publish","format-standard","has-post-thumbnail","hentry","category-xeber"],"_links":{"self":[{"href":"https:\/\/millitv.net\/index.php?rest_route=\/wp\/v2\/posts\/1498","targetHints":{"allow":["GET"]}}],"collection":[{"href":"https:\/\/millitv.net\/index.php?rest_route=\/wp\/v2\/posts"}],"about":[{"href":"https:\/\/millitv.net\/index.php?rest_route=\/wp\/v2\/types\/post"}],"author":[{"embeddable":true,"href":"https:\/\/millitv.net\/index.php?rest_route=\/wp\/v2\/users\/1"}],"replies":[{"embeddable":true,"href":"https:\/\/millitv.net\/index.php?rest_route=%2Fwp%2Fv2%2Fcomments&post=1498"}],"version-history":[{"count":0,"href":"https:\/\/millitv.net\/index.php?rest_route=\/wp\/v2\/posts\/1498\/revisions"}],"wp:featuredmedia":[{"embeddable":true,"href":"https:\/\/millitv.net\/index.php?rest_route=\/wp\/v2\/media\/1499"}],"wp:attachment":[{"href":"https:\/\/millitv.net\/index.php?rest_route=%2Fwp%2Fv2%2Fmedia&parent=1498"}],"wp:term":[{"taxonomy":"category","embeddable":true,"href":"https:\/\/millitv.net\/index.php?rest_route=%2Fwp%2Fv2%2Fcategories&post=1498"},{"taxonomy":"post_tag","embeddable":true,"href":"https:\/\/millitv.net\/index.php?rest_route=%2Fwp%2Fv2%2Ftags&post=1498"}],"curies":[{"name":"wp","href":"https:\/\/api.w.org\/{rel}","templated":true}]}}