{"id":14948,"date":"2024-09-13T08:24:32","date_gmt":"2024-09-13T08:24:32","guid":{"rendered":"https:\/\/millitv.net\/?p=14948"},"modified":"2024-09-13T08:24:34","modified_gmt":"2024-09-13T08:24:34","slug":"az%C9%99rbaycanli-m%C9%99shur-aparicidan-sok-anami-onlar-oldurdu","status":"publish","type":"post","link":"https:\/\/millitv.net\/?p=14948","title":{"rendered":"Az\u0259rbaycanl\u0131 m\u0259\u015fhur apar\u0131c\u0131dan \u015eOK: Anam\u0131 onlar \u00d6LD\u00dcRD\u00dc"},"content":{"rendered":"\n<p><strong>D\u00fcnya TV-nin m\u0259\u015fhur simas\u0131 Samir Bayraml\u0131 anas\u0131n\u0131n \u00f6l\u00fcm\u00fc il\u0259 ba\u011fl\u0131 bir \u00e7ox detallara ayd\u0131nl\u0131q g\u0259tirib.<\/strong><\/p>\n\n\n\n<p>Apar\u0131c\u0131 a\u00e7\u0131qlamas\u0131nda bildirib ki, onun anas\u0131n\u0131 h\u0259kiml\u0259r \u00f6ld\u00fcr\u00fcb. Samir qeyd edib ki, valideyini m\u00fcalic\u0259 \u00fc\u00e7\u00fcn getdikl\u0259ri \u0130randa h\u0259kiml\u0259rin s\u0259hl\u0259nkarl\u0131\u011f\u0131 ucbat\u0131ndan d\u00fcnyas\u0131n\u0131 d\u0259yi\u015fib.\u00a0<\/p>\n\n\n\n<p>Apar\u0131c\u0131 iddia edib ki, \u0130randa h\u0259kiml\u0259r onun anas\u0131n\u0131 s\u0259hv m\u00fcalic\u0259 edibl\u0259r, n\u0259tic\u0259d\u0259 \u00f6z aya\u011f\u0131 il\u0259 g\u0259z\u0259r\u0259k getdiyi \u0130randan v\u0259t\u0259n\u0259 c\u0259naz\u0259sini g\u0259tiribl\u0259r.<\/p>\n\n\n\n<p>Samirin a\u00e7\u0131qlamas\u0131 daha \u0259trafl\u0131 videoda:\/\/Titul.az<\/p>\n\n\n\n<figure class=\"wp-block-embed is-type-video is-provider-youtube wp-block-embed-youtube wp-embed-aspect-4-3 wp-has-aspect-ratio\"><div class=\"wp-block-embed__wrapper\">\n<iframe loading=\"lazy\" title=\"Az\u0259rbaycanl\u0131 m\u0259\u015fhur apar\u0131c\u0131n\u0131n anas\u0131n\u0131 K\u0130M \u00d6LD\u00dcRD\u00dc? - H\u0259r \u015fey ORTAYA \u00c7IXDI + V\u0130DEO\" width=\"500\" height=\"375\" src=\"https:\/\/www.youtube.com\/embed\/zubuaCjXBNA?feature=oembed\" frameborder=\"0\" allow=\"accelerometer; autoplay; clipboard-write; encrypted-media; gyroscope; picture-in-picture; web-share\" referrerpolicy=\"strict-origin-when-cross-origin\" allowfullscreen><\/iframe>\n<\/div><\/figure>\n","protected":false},"excerpt":{"rendered":"<p>D\u00fcnya TV-nin m\u0259\u015fhur simas\u0131 Samir Bayraml\u0131 anas\u0131n\u0131n \u00f6l\u00fcm\u00fc il\u0259 ba\u011fl\u0131 bir \u00e7ox detallara ayd\u0131nl\u0131q g\u0259tirib. Apar\u0131c\u0131 a\u00e7\u0131qlamas\u0131nda bildirib ki, onun anas\u0131n\u0131 h\u0259kiml\u0259r \u00f6ld\u00fcr\u00fcb. Samir qeyd edib ki, valideyini m\u00fcalic\u0259 \u00fc\u00e7\u00fcn getdikl\u0259ri \u0130randa h\u0259kiml\u0259rin s\u0259hl\u0259nkarl\u0131\u011f\u0131 ucbat\u0131ndan d\u00fcnyas\u0131n\u0131 d\u0259yi\u015fib.\u00a0 Apar\u0131c\u0131 iddia edib ki, \u0130randa h\u0259kiml\u0259r onun anas\u0131n\u0131 s\u0259hv m\u00fcalic\u0259 edibl\u0259r, n\u0259tic\u0259d\u0259 \u00f6z aya\u011f\u0131 il\u0259 g\u0259z\u0259r\u0259k getdiyi \u0130randan &hellip;<\/p>\n","protected":false},"author":1,"featured_media":14950,"comment_status":"open","ping_status":"closed","sticky":false,"template":"","format":"standard","meta":{"footnotes":""},"categories":[6,3],"tags":[],"class_list":["post-14948","post","type-post","status-publish","format-standard","has-post-thumbnail","hentry","category-maqazin","category-olke"],"_links":{"self":[{"href":"https:\/\/millitv.net\/index.php?rest_route=\/wp\/v2\/posts\/14948","targetHints":{"allow":["GET"]}}],"collection":[{"href":"https:\/\/millitv.net\/index.php?rest_route=\/wp\/v2\/posts"}],"about":[{"href":"https:\/\/millitv.net\/index.php?rest_route=\/wp\/v2\/types\/post"}],"author":[{"embeddable":true,"href":"https:\/\/millitv.net\/index.php?rest_route=\/wp\/v2\/users\/1"}],"replies":[{"embeddable":true,"href":"https:\/\/millitv.net\/index.php?rest_route=%2Fwp%2Fv2%2Fcomments&post=14948"}],"version-history":[{"count":1,"href":"https:\/\/millitv.net\/index.php?rest_route=\/wp\/v2\/posts\/14948\/revisions"}],"predecessor-version":[{"id":14951,"href":"https:\/\/millitv.net\/index.php?rest_route=\/wp\/v2\/posts\/14948\/revisions\/14951"}],"wp:featuredmedia":[{"embeddable":true,"href":"https:\/\/millitv.net\/index.php?rest_route=\/wp\/v2\/media\/14950"}],"wp:attachment":[{"href":"https:\/\/millitv.net\/index.php?rest_route=%2Fwp%2Fv2%2Fmedia&parent=14948"}],"wp:term":[{"taxonomy":"category","embeddable":true,"href":"https:\/\/millitv.net\/index.php?rest_route=%2Fwp%2Fv2%2Fcategories&post=14948"},{"taxonomy":"post_tag","embeddable":true,"href":"https:\/\/millitv.net\/index.php?rest_route=%2Fwp%2Fv2%2Ftags&post=14948"}],"curies":[{"name":"wp","href":"https:\/\/api.w.org\/{rel}","templated":true}]}}