{"id":14888,"date":"2024-09-12T08:50:33","date_gmt":"2024-09-12T08:50:33","guid":{"rendered":"https:\/\/millitv.net\/?p=14888"},"modified":"2024-09-12T08:51:50","modified_gmt":"2024-09-12T08:51:50","slug":"cor%C9%99k-bahalasa-bil%C9%99r-camaat-n%C9%99-ed%C9%99c%C9%99k","status":"publish","type":"post","link":"https:\/\/millitv.net\/?p=14888","title":{"rendered":"\u00c7\u00f6r\u0259k bahala\u015fa bil\u0259r &#8211; Camaat n\u0259 ed\u0259c\u0259k?"},"content":{"rendered":"\n<p><strong>Qazax\u0131stan v\u0259 Rusiyada tax\u0131l sah\u0259sind\u0259 yaranan q\u0131tl\u0131q, bu \u00f6lk\u0259l\u0259rd\u0259n Az\u0259rbaycana bu\u011fda idxal\u0131nda yarana bil\u0259c\u0259k m\u0259hdudiyy\u0259tl\u0259rl\u0259 \u0259laq\u0259dar \u00e7\u00f6r\u0259yin qiym\u0259tinin bahala\u015faca\u011f\u0131 deyilir. Bir m\u00fcd\u0259t \u0259vv\u0259l is\u0259 Az\u0259rbaycanda unun topdansat\u0131\u015f qiym\u0259tinin son aylarla m\u00fcqayis\u0259d\u0259 a\u015fa\u011f\u0131 d\u00fc\u015fd\u00fcy\u00fc \u00fc\u00e7\u00fcn \u00e7\u00f6r\u0259yin ucuzla\u015faca\u011f\u0131 g\u00f6zl\u0259nilirdi.<\/strong><\/p>\n\n\n\n<p>M\u0259s\u0259l\u0259 il\u0259 ba\u011fl\u0131&nbsp;<a target=\"_blank\" href=\"https:\/\/axar.az\/\" rel=\"noreferrer noopener\">Axar.az<\/a>-a dan\u0131\u015fan iqtisad\u00e7\u0131 ekspert El\u015fad M\u0259mm\u0259dov bildirib ki, d\u00fcnya bazar\u0131nda, o c\u00fcml\u0259d\u0259n regionda ba\u015f ver\u0259n prosesl\u0259r iqtisadi qeyri-m\u00fc\u0259yy\u0259nlikl\u0259ri art\u0131r\u0131r.<\/p>\n\n\n\n<p>\u201cT\u0259bii olaraq, h\u0259r bir \u00f6lk\u0259 \u00e7al\u0131\u015f\u0131r ki, ilk n\u00f6vb\u0259d\u0259 m\u00fch\u00fcm \u0259mt\u0259\u0259 qruplar\u0131 \u00fczr\u0259 daxili bazar\u0131n\u0131 qorusun, laz\u0131m olan h\u0259cmd\u0259 m\u0259hsul \u00e7\u0131xars\u0131n. Bizim Rusiya v\u0259 Qazax\u0131stanla kifay\u0259t q\u0259d\u0259r dayan\u0131ql\u0131 ticar\u0259t \u0259m\u0259kda\u015fl\u0131\u011f\u0131m\u0131z var. Bu bizim daxili bazar\u0131n tax\u0131l il\u0259 t\u0259minat\u0131 n\u00f6qteyi-n\u0259z\u0259rd\u0259n sabitliyin qorunmas\u0131na \u015f\u0259rait yarad\u0131r. Amma Qazax\u0131standa da, Rusiyada da bu\u011fda ixrac\u0131 il\u0259 ba\u011fl\u0131 m\u00fc\u0259yy\u0259n m\u0259hdudiyy\u0259tl\u0259r vaxta\u015f\u0131r\u0131 olur v\u0259 bel\u0259 olan halda qiym\u0259tl\u0259r\u0259 t\u0259siri g\u00f6zl\u0259nil\u0259ndir\u201d, &#8211; o qeyd edib.<\/p>\n\n\n\n<p>Ekspertin fikrinc\u0259, d\u00f6vl\u0259t m\u00fcvafiq vergi yum\u015falmalar\u0131, g\u00f6mr\u00fckd\u0259ki r\u00fcsumlar\u0131n azald\u0131lmas\u0131, s\u0131f\u0131rlanmas\u0131 hesab\u0131na strateji m\u0259hsullar\u0131n qiym\u0259tl\u0259rinin sabit saxlan\u0131lmas\u0131 \u00fc\u00e7\u00fcn b\u0259zi t\u0259dbirl\u0259r g\u00f6r\u00fcr:<\/p>\n\n\n\n<p>\u201cAmma yen\u0259 d\u0259 idxaldan as\u0131l\u0131l\u0131q m\u00fctl\u0259q \u015f\u0259kild\u0259 bazardak\u0131 qiym\u0259tl\u0259rin qeyri-m\u00fc\u0259yy\u0259nliyini \u015f\u0259rtl\u0259ndirir. D\u00fc\u015f\u00fcn\u00fcr\u0259m ki, pay\u0131z-q\u0131\u015f aylar\u0131nda \u0259n\u0259n\u0259vi olaraq \u00e7\u00f6r\u0259y\u0259 t\u0259l\u0259bin artmas\u0131 qiym\u0259tl\u0259r\u0259 m\u00fcvafiq t\u0259zyiq g\u00f6st\u0259r\u0259c\u0259k. Biz laz\u0131mi ehtiyat fondunu t\u0259min ets\u0259k, \u0259n az\u0131 yax\u0131n perspektivd\u0259 \u00e7\u00f6r\u0259yin qiym\u0259tinin sabit saxlan\u0131lmas\u0131 m\u00fcmk\u00fcn olar. Eyni zamanda davaml\u0131 \u015f\u0259kild\u0259 \u00e7\u00f6r\u0259k istehsal\u00e7\u0131lar\u0131n\u0131n daha \u0259lveri\u015fli \u015f\u0259rtl\u0259rl\u0259 kredit resurslar\u0131na \u00e7\u0131x\u0131\u015flar\u0131n\u0131 t\u0259min etm\u0259liyik. \u00c7\u00fcnki son n\u0259tic\u0259d\u0259 kreditin baha olmas\u0131 bilavasit\u0259 qiym\u0259tl\u0259r\u0259 \u00f6z t\u0259sirini g\u00f6st\u0259rir\u201d.<\/p>\n","protected":false},"excerpt":{"rendered":"<p>Qazax\u0131stan v\u0259 Rusiyada tax\u0131l sah\u0259sind\u0259 yaranan q\u0131tl\u0131q, bu \u00f6lk\u0259l\u0259rd\u0259n Az\u0259rbaycana bu\u011fda idxal\u0131nda yarana bil\u0259c\u0259k m\u0259hdudiyy\u0259tl\u0259rl\u0259 \u0259laq\u0259dar \u00e7\u00f6r\u0259yin qiym\u0259tinin bahala\u015faca\u011f\u0131 deyilir. Bir m\u00fcd\u0259t \u0259vv\u0259l is\u0259 Az\u0259rbaycanda unun topdansat\u0131\u015f qiym\u0259tinin son aylarla m\u00fcqayis\u0259d\u0259 a\u015fa\u011f\u0131 d\u00fc\u015fd\u00fcy\u00fc \u00fc\u00e7\u00fcn \u00e7\u00f6r\u0259yin ucuzla\u015faca\u011f\u0131 g\u00f6zl\u0259nilirdi. M\u0259s\u0259l\u0259 il\u0259 ba\u011fl\u0131&nbsp;Axar.az-a dan\u0131\u015fan iqtisad\u00e7\u0131 ekspert El\u015fad M\u0259mm\u0259dov bildirib ki, d\u00fcnya bazar\u0131nda, o c\u00fcml\u0259d\u0259n regionda ba\u015f ver\u0259n prosesl\u0259r &hellip;<\/p>\n","protected":false},"author":1,"featured_media":14889,"comment_status":"open","ping_status":"closed","sticky":false,"template":"","format":"standard","meta":{"footnotes":""},"categories":[3,9],"tags":[],"class_list":["post-14888","post","type-post","status-publish","format-standard","has-post-thumbnail","hentry","category-olke","category-xeber"],"_links":{"self":[{"href":"https:\/\/millitv.net\/index.php?rest_route=\/wp\/v2\/posts\/14888","targetHints":{"allow":["GET"]}}],"collection":[{"href":"https:\/\/millitv.net\/index.php?rest_route=\/wp\/v2\/posts"}],"about":[{"href":"https:\/\/millitv.net\/index.php?rest_route=\/wp\/v2\/types\/post"}],"author":[{"embeddable":true,"href":"https:\/\/millitv.net\/index.php?rest_route=\/wp\/v2\/users\/1"}],"replies":[{"embeddable":true,"href":"https:\/\/millitv.net\/index.php?rest_route=%2Fwp%2Fv2%2Fcomments&post=14888"}],"version-history":[{"count":1,"href":"https:\/\/millitv.net\/index.php?rest_route=\/wp\/v2\/posts\/14888\/revisions"}],"predecessor-version":[{"id":14890,"href":"https:\/\/millitv.net\/index.php?rest_route=\/wp\/v2\/posts\/14888\/revisions\/14890"}],"wp:featuredmedia":[{"embeddable":true,"href":"https:\/\/millitv.net\/index.php?rest_route=\/wp\/v2\/media\/14889"}],"wp:attachment":[{"href":"https:\/\/millitv.net\/index.php?rest_route=%2Fwp%2Fv2%2Fmedia&parent=14888"}],"wp:term":[{"taxonomy":"category","embeddable":true,"href":"https:\/\/millitv.net\/index.php?rest_route=%2Fwp%2Fv2%2Fcategories&post=14888"},{"taxonomy":"post_tag","embeddable":true,"href":"https:\/\/millitv.net\/index.php?rest_route=%2Fwp%2Fv2%2Ftags&post=14888"}],"curies":[{"name":"wp","href":"https:\/\/api.w.org\/{rel}","templated":true}]}}