{"id":14846,"date":"2024-09-05T10:35:25","date_gmt":"2024-09-05T10:35:25","guid":{"rendered":"https:\/\/millitv.net\/?p=14846"},"modified":"2024-09-05T10:35:28","modified_gmt":"2024-09-05T10:35:28","slug":"esas-odur-ki-kimins%C9%99-%C9%99rini-ogurlamayasan-s%C9%99bn%C9%99ml%C9%99-v%C9%99fa-arasinda-qalmaqal","status":"publish","type":"post","link":"https:\/\/millitv.net\/?p=14846","title":{"rendered":"\u018fsas odur ki, kimins\u0259 \u0259rini o\u011furlamayasan &#8211; \u015e\u0259bn\u0259ml\u0259 V\u0259fa aras\u0131nda qalmaqal"},"content":{"rendered":"\n<p><strong>&#8220;Xeyirli v\u0259 u\u011furlu olsun yeni mahn\u0131n. \u018fsas odur ki, ki\u015fi o\u011frusu olmayasan&#8221;.<\/strong><\/p>\n\n\n\n<p>Millitv.net azxeber.com-a istinad\u0259n x\u0259b\u0259r verir ki, bu s\u00f6zl\u0259ri \u015e\u0259bn\u0259m Tovuzlu il\u0259 V\u0259fa \u015e\u0259rifova aras\u0131nda ya\u015fanan mahn\u0131 qalmaqal\u0131na m\u00fcnasib\u0259t bildir\u0259n apar\u0131c\u0131, prod\u00fcser Tarix \u018fliyev deyib.<br><br>O, sosial media hesab\u0131nda V\u0259fan\u0131n ifas\u0131n\u0131 payla\u015faraq t\u0259rifl\u0259r ya\u011fd\u0131r\u0131b:<\/p>\n\n\n\n<p>&#8220;Xeyirli v\u0259 u\u011furlu olsun yeni mahn\u0131n. D\u00fc\u015f\u00fcn\u00fcr\u0259m ki, \u00e7ox yax\u015f\u0131 oxumusan. B\u0259li, ola bil\u0259r ki, h\u0259m s\u0259n, h\u0259m d\u0259 \u015e\u0259bn\u0259min haqq\u0131 olan t\u0259r\u0259fl\u0259rsiz. \u00c7\u00fcnki be\u015f ay \u00f6nc\u0259 mahn\u0131n\u0131n pulunu \u00f6d\u0259mis\u0259n, Tural\u0131n s\u0259si v\u0259 \u00e7\u0259kili\u015fl\u0259ri d\u0259 var, mahn\u0131 art\u0131q s\u0259nindir. \u018fsas m\u0259s\u0259l\u0259 budur ki, oxunub. Kimd\u0259n al\u0131n\u0131bsa, o da \u00f6z\u00fc bilir. Buradan b\u0259zi yaltaqlara da s\u00f6z\u00fcm var, V\u0259fan\u0131 o\u011furluqda iddia ed\u0259nl\u0259r\u0259! \u018fsas odur ki, ki\u015fi o\u011frusu olmayasan, kimins\u0259 \u0259rini o\u011furlamayasan, toylara gedib ki\u015fi o\u011furlamiyasan. Mahn\u0131 o\u011furlana bil\u0259r, bu, problem deyil. M\u0259s\u0259l\u0259n, \u00dczeyir Hac\u0131b\u0259yovun mahn\u0131s\u0131 deyil ki, dey\u0259s\u0259n ki, inc\u0259s\u0259n\u0259t\u0259 x\u0259l\u0259ldir. Tural S\u0259dal\u0131 yaz\u0131b, n\u0259 b\u00f6y\u00fck \u015feydir ki? V\u0259fa pulunu verib, mahn\u0131n\u0131 al\u0131b. M\u0259nim xo\u015fuma g\u0259ldi, u\u011furlu olsun&#8221; dey\u0259 o payla\u015f\u0131m\u0131nda qeyd edib.<br><br>Qeyd ed\u0259k ki, ikilinin qalmaqal ya\u015fad\u0131\u011f\u0131 &#8220;C\u0259nn\u0259tim&#8221; adl\u0131 mahn\u0131n\u0131 ilk \u015e\u0259bn\u0259m Tovuzlu oxuyaraq m\u00fc\u0259llif kimi ba\u015fqa \u015f\u0259xsin ad\u0131n\u0131 qeyd edib. \u015e\u0259bn\u0259m mahn\u0131n\u0131 \u00f6t\u0259n g\u00fcn yay\u0131mlasa da V\u0259fa b\u0259st\u0259nin s\u00f6zl\u0259rinin ona aid oldu\u011funu v\u0259 ifas\u0131n\u0131 bu g\u00fcn t\u0259qdim ed\u0259c\u0259yini deyib.<\/p>\n","protected":false},"excerpt":{"rendered":"<p>&#8220;Xeyirli v\u0259 u\u011furlu olsun yeni mahn\u0131n. \u018fsas odur ki, ki\u015fi o\u011frusu olmayasan&#8221;. Millitv.net azxeber.com-a istinad\u0259n x\u0259b\u0259r verir ki, bu s\u00f6zl\u0259ri \u015e\u0259bn\u0259m Tovuzlu il\u0259 V\u0259fa \u015e\u0259rifova aras\u0131nda ya\u015fanan mahn\u0131 qalmaqal\u0131na m\u00fcnasib\u0259t bildir\u0259n apar\u0131c\u0131, prod\u00fcser Tarix \u018fliyev deyib.O, sosial media hesab\u0131nda V\u0259fan\u0131n ifas\u0131n\u0131 payla\u015faraq t\u0259rifl\u0259r ya\u011fd\u0131r\u0131b: &#8220;Xeyirli v\u0259 u\u011furlu olsun yeni mahn\u0131n. D\u00fc\u015f\u00fcn\u00fcr\u0259m ki, \u00e7ox yax\u015f\u0131 oxumusan. &hellip;<\/p>\n","protected":false},"author":1,"featured_media":14847,"comment_status":"open","ping_status":"closed","sticky":false,"template":"","format":"standard","meta":{"footnotes":""},"categories":[6],"tags":[],"class_list":["post-14846","post","type-post","status-publish","format-standard","has-post-thumbnail","hentry","category-maqazin"],"_links":{"self":[{"href":"https:\/\/millitv.net\/index.php?rest_route=\/wp\/v2\/posts\/14846","targetHints":{"allow":["GET"]}}],"collection":[{"href":"https:\/\/millitv.net\/index.php?rest_route=\/wp\/v2\/posts"}],"about":[{"href":"https:\/\/millitv.net\/index.php?rest_route=\/wp\/v2\/types\/post"}],"author":[{"embeddable":true,"href":"https:\/\/millitv.net\/index.php?rest_route=\/wp\/v2\/users\/1"}],"replies":[{"embeddable":true,"href":"https:\/\/millitv.net\/index.php?rest_route=%2Fwp%2Fv2%2Fcomments&post=14846"}],"version-history":[{"count":1,"href":"https:\/\/millitv.net\/index.php?rest_route=\/wp\/v2\/posts\/14846\/revisions"}],"predecessor-version":[{"id":14848,"href":"https:\/\/millitv.net\/index.php?rest_route=\/wp\/v2\/posts\/14846\/revisions\/14848"}],"wp:featuredmedia":[{"embeddable":true,"href":"https:\/\/millitv.net\/index.php?rest_route=\/wp\/v2\/media\/14847"}],"wp:attachment":[{"href":"https:\/\/millitv.net\/index.php?rest_route=%2Fwp%2Fv2%2Fmedia&parent=14846"}],"wp:term":[{"taxonomy":"category","embeddable":true,"href":"https:\/\/millitv.net\/index.php?rest_route=%2Fwp%2Fv2%2Fcategories&post=14846"},{"taxonomy":"post_tag","embeddable":true,"href":"https:\/\/millitv.net\/index.php?rest_route=%2Fwp%2Fv2%2Ftags&post=14846"}],"curies":[{"name":"wp","href":"https:\/\/api.w.org\/{rel}","templated":true}]}}