{"id":14837,"date":"2024-09-05T06:35:48","date_gmt":"2024-09-05T06:35:48","guid":{"rendered":"https:\/\/millitv.net\/?p=14837"},"modified":"2024-09-05T06:35:50","modified_gmt":"2024-09-05T06:35:50","slug":"r%C9%99fiq%C9%99si-il%C9%99-aldatdim-ki-m%C9%99nd%C9%99n-bosansin-m%C9%99shur-aktyor","status":"publish","type":"post","link":"https:\/\/millitv.net\/?p=14837","title":{"rendered":"R\u0259fiq\u0259si il\u0259 aldatd\u0131m ki, m\u0259nd\u0259n bo\u015fans\u0131n &#8211; M\u0259\u015fhur aktyor"},"content":{"rendered":"\n<p>Uzun m\u00fcdd\u0259tdir ekranlardan uzaqla\u015fan t\u00fcrkiy\u0259li aktyor Ya\u015far Alptekin ilk h\u0259yat yolda\u015f\u0131na x\u0259yan\u0259t etdiyini etiraf edib.<\/p>\n\n\n\n<p>Bu bar\u0259d\u0259 aktyor m\u00fcsahib\u0259l\u0259rinin birind\u0259 dan\u0131\u015f\u0131b:<\/p>\n\n\n\n<p>&#8220;Birinci h\u0259yat yolda\u015f\u0131m \u00e7ox q\u0131sqanc idi. M\u0259ni etm\u0259diyim i\u015fl\u0259rd\u0259 ittiham edirdi. Onu \u0259n yax\u0131n adam\u0131, r\u0259fiq\u0259si il\u0259 aldatd\u0131m. D\u0259rhal e\u015fidib bo\u015fans\u0131n dey\u0259&#8221;.<\/p>\n\n\n\n<p>Qeyd ed\u0259k ki, aktyor \u00f6t\u0259n il \u00fc\u00e7\u00fcnc\u00fc d\u0259f\u0259 ail\u0259 qurub. (Ax\u015fam.az)<\/p>\n","protected":false},"excerpt":{"rendered":"<p>Uzun m\u00fcdd\u0259tdir ekranlardan uzaqla\u015fan t\u00fcrkiy\u0259li aktyor Ya\u015far Alptekin ilk h\u0259yat yolda\u015f\u0131na x\u0259yan\u0259t etdiyini etiraf edib. Bu bar\u0259d\u0259 aktyor m\u00fcsahib\u0259l\u0259rinin birind\u0259 dan\u0131\u015f\u0131b: &#8220;Birinci h\u0259yat yolda\u015f\u0131m \u00e7ox q\u0131sqanc idi. M\u0259ni etm\u0259diyim i\u015fl\u0259rd\u0259 ittiham edirdi. Onu \u0259n yax\u0131n adam\u0131, r\u0259fiq\u0259si il\u0259 aldatd\u0131m. D\u0259rhal e\u015fidib bo\u015fans\u0131n dey\u0259&#8221;. Qeyd ed\u0259k ki, aktyor \u00f6t\u0259n il \u00fc\u00e7\u00fcnc\u00fc d\u0259f\u0259 ail\u0259 qurub. (Ax\u015fam.az)<\/p>\n","protected":false},"author":1,"featured_media":14838,"comment_status":"open","ping_status":"closed","sticky":false,"template":"","format":"standard","meta":{"footnotes":""},"categories":[6],"tags":[],"class_list":["post-14837","post","type-post","status-publish","format-standard","has-post-thumbnail","hentry","category-maqazin"],"_links":{"self":[{"href":"https:\/\/millitv.net\/index.php?rest_route=\/wp\/v2\/posts\/14837","targetHints":{"allow":["GET"]}}],"collection":[{"href":"https:\/\/millitv.net\/index.php?rest_route=\/wp\/v2\/posts"}],"about":[{"href":"https:\/\/millitv.net\/index.php?rest_route=\/wp\/v2\/types\/post"}],"author":[{"embeddable":true,"href":"https:\/\/millitv.net\/index.php?rest_route=\/wp\/v2\/users\/1"}],"replies":[{"embeddable":true,"href":"https:\/\/millitv.net\/index.php?rest_route=%2Fwp%2Fv2%2Fcomments&post=14837"}],"version-history":[{"count":1,"href":"https:\/\/millitv.net\/index.php?rest_route=\/wp\/v2\/posts\/14837\/revisions"}],"predecessor-version":[{"id":14839,"href":"https:\/\/millitv.net\/index.php?rest_route=\/wp\/v2\/posts\/14837\/revisions\/14839"}],"wp:featuredmedia":[{"embeddable":true,"href":"https:\/\/millitv.net\/index.php?rest_route=\/wp\/v2\/media\/14838"}],"wp:attachment":[{"href":"https:\/\/millitv.net\/index.php?rest_route=%2Fwp%2Fv2%2Fmedia&parent=14837"}],"wp:term":[{"taxonomy":"category","embeddable":true,"href":"https:\/\/millitv.net\/index.php?rest_route=%2Fwp%2Fv2%2Fcategories&post=14837"},{"taxonomy":"post_tag","embeddable":true,"href":"https:\/\/millitv.net\/index.php?rest_route=%2Fwp%2Fv2%2Ftags&post=14837"}],"curies":[{"name":"wp","href":"https:\/\/api.w.org\/{rel}","templated":true}]}}