{"id":14822,"date":"2024-09-04T06:36:25","date_gmt":"2024-09-04T06:36:25","guid":{"rendered":"https:\/\/millitv.net\/?p=14822"},"modified":"2024-09-04T06:36:26","modified_gmt":"2024-09-04T06:36:26","slug":"anamin-meyitini-m%C9%99scid%C9%99-q%C9%99d%C9%99r-qucagimda-t%C9%99k-apardim-video","status":"publish","type":"post","link":"https:\/\/millitv.net\/?p=14822","title":{"rendered":"Anam\u0131n meyitini m\u0259scid\u0259 q\u0259d\u0259r quca\u011f\u0131mda t\u0259k apard\u0131m &#8211; V\u0130DEO\u00a0"},"content":{"rendered":"\n<p>M\u00fc\u011f\u0259nni \u018fli Mir\u0259liyev a\u00e7\u0131qlamas\u0131 il\u0259 diqq\u0259t \u00e7\u0259kib.<\/p>\n\n\n\n<p>Millitv.net verir ki, &#8220;Nigar xan\u0131m&#8221; verili\u015find\u0259 anas\u0131ndan dan\u0131\u015fan s\u0259n\u0259t\u00e7i onun \u00f6l\u00fcm an\u0131n\u0131 xat\u0131rlayarq k\u00f6vr\u0259lib. Toydan g\u0259ldiyini dey\u0259n m\u00fc\u011f\u0259nni ya\u015fad\u0131\u011f\u0131 \u00e7\u0259tinliyi dil\u0259 g\u0259tirib.<\/p>\n\n\n\n<p>Qarda\u015f\u0131n\u0131n anas\u0131n\u0131n \u00f6l\u00fcm\u00fcn\u0259 bigan\u0259liyind\u0259n \u00f6z\u00fcnd\u0259n \u00e7\u0131xan Mir\u0259liyev anas\u0131n\u0131n meyitini m\u0259scid\u0259 q\u0259d\u0259r quca\u011f\u0131nda t\u0259k apard\u0131\u011f\u0131n\u0131 etiraf edib.<\/p>\n\n\n\n<p>Daha \u0259trafl\u0131 videoda:<\/p>\n\n\n\n<p><a href=\"https:\/\/newstube.az\/embed\/171780\" target=\"_blank\" rel=\"noopener\">https:\/\/newstube.az\/embed\/171780<\/a><\/p>\n","protected":false},"excerpt":{"rendered":"<p>M\u00fc\u011f\u0259nni \u018fli Mir\u0259liyev a\u00e7\u0131qlamas\u0131 il\u0259 diqq\u0259t \u00e7\u0259kib. Millitv.net verir ki, &#8220;Nigar xan\u0131m&#8221; verili\u015find\u0259 anas\u0131ndan dan\u0131\u015fan s\u0259n\u0259t\u00e7i onun \u00f6l\u00fcm an\u0131n\u0131 xat\u0131rlayarq k\u00f6vr\u0259lib. Toydan g\u0259ldiyini dey\u0259n m\u00fc\u011f\u0259nni ya\u015fad\u0131\u011f\u0131 \u00e7\u0259tinliyi dil\u0259 g\u0259tirib. Qarda\u015f\u0131n\u0131n anas\u0131n\u0131n \u00f6l\u00fcm\u00fcn\u0259 bigan\u0259liyind\u0259n \u00f6z\u00fcnd\u0259n \u00e7\u0131xan Mir\u0259liyev anas\u0131n\u0131n meyitini m\u0259scid\u0259 q\u0259d\u0259r quca\u011f\u0131nda t\u0259k apard\u0131\u011f\u0131n\u0131 etiraf edib. Daha \u0259trafl\u0131 videoda: https:\/\/newstube.az\/embed\/171780<\/p>\n","protected":false},"author":1,"featured_media":14823,"comment_status":"open","ping_status":"closed","sticky":false,"template":"","format":"standard","meta":{"footnotes":""},"categories":[6],"tags":[],"class_list":["post-14822","post","type-post","status-publish","format-standard","has-post-thumbnail","hentry","category-maqazin"],"_links":{"self":[{"href":"https:\/\/millitv.net\/index.php?rest_route=\/wp\/v2\/posts\/14822","targetHints":{"allow":["GET"]}}],"collection":[{"href":"https:\/\/millitv.net\/index.php?rest_route=\/wp\/v2\/posts"}],"about":[{"href":"https:\/\/millitv.net\/index.php?rest_route=\/wp\/v2\/types\/post"}],"author":[{"embeddable":true,"href":"https:\/\/millitv.net\/index.php?rest_route=\/wp\/v2\/users\/1"}],"replies":[{"embeddable":true,"href":"https:\/\/millitv.net\/index.php?rest_route=%2Fwp%2Fv2%2Fcomments&post=14822"}],"version-history":[{"count":1,"href":"https:\/\/millitv.net\/index.php?rest_route=\/wp\/v2\/posts\/14822\/revisions"}],"predecessor-version":[{"id":14824,"href":"https:\/\/millitv.net\/index.php?rest_route=\/wp\/v2\/posts\/14822\/revisions\/14824"}],"wp:featuredmedia":[{"embeddable":true,"href":"https:\/\/millitv.net\/index.php?rest_route=\/wp\/v2\/media\/14823"}],"wp:attachment":[{"href":"https:\/\/millitv.net\/index.php?rest_route=%2Fwp%2Fv2%2Fmedia&parent=14822"}],"wp:term":[{"taxonomy":"category","embeddable":true,"href":"https:\/\/millitv.net\/index.php?rest_route=%2Fwp%2Fv2%2Fcategories&post=14822"},{"taxonomy":"post_tag","embeddable":true,"href":"https:\/\/millitv.net\/index.php?rest_route=%2Fwp%2Fv2%2Ftags&post=14822"}],"curies":[{"name":"wp","href":"https:\/\/api.w.org\/{rel}","templated":true}]}}