{"id":14793,"date":"2024-09-03T07:59:41","date_gmt":"2024-09-03T07:59:41","guid":{"rendered":"https:\/\/millitv.net\/?p=14793"},"modified":"2024-09-03T07:59:43","modified_gmt":"2024-09-03T07:59:43","slug":"komedixana-il%C9%99-bagli-sok-etiraf-h%C9%99min-an-h%C9%99r-seyi-bitirdim","status":"publish","type":"post","link":"https:\/\/millitv.net\/?p=14793","title":{"rendered":"&#8220;Komedixana&#8221; il\u0259 ba\u011fl\u0131 \u015eOK ET\u0130RAF: &#8220;H\u0259min an h\u0259r \u015feyi bitirdim&#8221;"},"content":{"rendered":"\n<p><strong>&#8220;Qapqara&#8221; verili\u015finin yeni burax\u0131l\u0131\u015f\u0131 yay\u0131mlan\u0131b.<\/strong><\/p>\n\n\n\n<p>Millitv.net x\u0259b\u0259r verir ki, verili\u015fin bud\u0259f\u0259ki qona\u011f\u0131 aktyor Cavidan Novruz olub. Aktyor &#8220;Komedixana&#8221;dan ayr\u0131lma m\u0259s\u0259l\u0259sin\u0259 ayd\u0131nl\u0131q g\u0259tirib:<\/p>\n\n\n\n<p>&#8220;May ay\u0131n\u0131n 25-26-da Sumqay\u0131tda konsert verm\u0259li idik. 25 may atam\u0131n ad g\u00fcn\u00fc idi. Onun v\u0259fat\u0131ndan sonra ilk d\u0259f\u0259 Akademik Milli Dram Teatr\u0131nda atam \u00fc\u00e7\u00fcn xatir\u0259 gec\u0259si ke\u00e7iril\u0259c\u0259kdi. Bu haqda \u0259vv\u0259lc\u0259d\u0259n x\u0259b\u0259rim yox idi. Truppa m\u00fcdirin\u0259 z\u0259ng edib icaz\u0259 ist\u0259dim. O, m\u0259n\u0259 dedi ki, 25-i atam\u0131n ad g\u00fcn\u00fc m\u00fcnasib\u0259til\u0259 t\u0259dbir\u0259 haz\u0131rla\u015f\u0131rlar. D\u00fc\u015f\u00fcnd\u00fcm ki, atama h\u0259sr olunan bu t\u0259dbird\u0259 o\u011flu olaraq i\u015ftirak etm\u0259liy\u0259m. &#8220;Komedixana&#8221;n\u0131n layih\u0259 r\u0259hb\u0259rin\u0259 d\u0259 z\u0259ng edib m\u0259s\u0259l\u0259ni bildirdim. Amma atam\u0131n xatir\u0259 gec\u0259sind\u0259 i\u015ftirak etm\u0259yim\u0259 icaz\u0259 verm\u0259di, dedi ki, m\u00fcmk\u00fcn deyil. Bu hadis\u0259d\u0259n sonra aram\u0131zda he\u00e7 bir m\u00fcq\u0259dd\u0259s ba\u011f qalmad\u0131. H\u0259min an h\u0259r \u015feyi bitirdim. Amma d\u00fc\u015fm\u0259n\u00e7ilikl\u0259 yox, dostluqla ayr\u0131ld\u0131m&#8221;.<\/p>\n\n\n\n<p>Cavidan Novruz bildirib ki, atas\u0131 onun musiqi il\u0259 m\u0259\u015f\u011ful olmas\u0131n\u0131 ist\u0259mirdi:<\/p>\n\n\n\n<p>&#8220;H\u0259tta evd\u0259n \u00e7\u0131xanda deyirdi ki, bird\u0259n \u00e7a\u015f\u0131b &#8220;Az\u0259ri Star&#8221;a, &#8220;Yeni Ulduz&#8221;a ged\u0259rs\u0259n, m\u0259ni biab\u0131r etm\u0259. Deyirdim ki, el\u0259 \u015fey yoxdur. M\u0259n\u0259 deyirdi ki, otur yerind\u0259, baya\u011f\u0131 m\u00fc\u011f\u0259nnil\u0259rin say\u0131n\u0131 art\u0131rma&#8221;.<\/p>\n\n\n\n<p>\u018ftrafl\u0131 Baku TV-nin s\u00fcjetind\u0259:<\/p>\n\n\n\n<figure class=\"wp-block-embed is-type-rich is-provider-g-mme-tutucu wp-block-embed-g-mme-tutucu\"><div class=\"wp-block-embed__wrapper\">\nhttps:\/\/youtube.com\/watch?v=UhJhk1eXhAo%3Fsi%3DNKv-POdslEjeYamg\n<\/div><\/figure>\n","protected":false},"excerpt":{"rendered":"<p>&#8220;Qapqara&#8221; verili\u015finin yeni burax\u0131l\u0131\u015f\u0131 yay\u0131mlan\u0131b. Millitv.net x\u0259b\u0259r verir ki, verili\u015fin bud\u0259f\u0259ki qona\u011f\u0131 aktyor Cavidan Novruz olub. Aktyor &#8220;Komedixana&#8221;dan ayr\u0131lma m\u0259s\u0259l\u0259sin\u0259 ayd\u0131nl\u0131q g\u0259tirib: &#8220;May ay\u0131n\u0131n 25-26-da Sumqay\u0131tda konsert verm\u0259li idik. 25 may atam\u0131n ad g\u00fcn\u00fc idi. Onun v\u0259fat\u0131ndan sonra ilk d\u0259f\u0259 Akademik Milli Dram Teatr\u0131nda atam \u00fc\u00e7\u00fcn xatir\u0259 gec\u0259si ke\u00e7iril\u0259c\u0259kdi. Bu haqda \u0259vv\u0259lc\u0259d\u0259n x\u0259b\u0259rim yox idi. &hellip;<\/p>\n","protected":false},"author":1,"featured_media":14795,"comment_status":"open","ping_status":"closed","sticky":false,"template":"","format":"standard","meta":{"footnotes":""},"categories":[6],"tags":[],"class_list":["post-14793","post","type-post","status-publish","format-standard","has-post-thumbnail","hentry","category-maqazin"],"_links":{"self":[{"href":"https:\/\/millitv.net\/index.php?rest_route=\/wp\/v2\/posts\/14793","targetHints":{"allow":["GET"]}}],"collection":[{"href":"https:\/\/millitv.net\/index.php?rest_route=\/wp\/v2\/posts"}],"about":[{"href":"https:\/\/millitv.net\/index.php?rest_route=\/wp\/v2\/types\/post"}],"author":[{"embeddable":true,"href":"https:\/\/millitv.net\/index.php?rest_route=\/wp\/v2\/users\/1"}],"replies":[{"embeddable":true,"href":"https:\/\/millitv.net\/index.php?rest_route=%2Fwp%2Fv2%2Fcomments&post=14793"}],"version-history":[{"count":2,"href":"https:\/\/millitv.net\/index.php?rest_route=\/wp\/v2\/posts\/14793\/revisions"}],"predecessor-version":[{"id":14797,"href":"https:\/\/millitv.net\/index.php?rest_route=\/wp\/v2\/posts\/14793\/revisions\/14797"}],"wp:featuredmedia":[{"embeddable":true,"href":"https:\/\/millitv.net\/index.php?rest_route=\/wp\/v2\/media\/14795"}],"wp:attachment":[{"href":"https:\/\/millitv.net\/index.php?rest_route=%2Fwp%2Fv2%2Fmedia&parent=14793"}],"wp:term":[{"taxonomy":"category","embeddable":true,"href":"https:\/\/millitv.net\/index.php?rest_route=%2Fwp%2Fv2%2Fcategories&post=14793"},{"taxonomy":"post_tag","embeddable":true,"href":"https:\/\/millitv.net\/index.php?rest_route=%2Fwp%2Fv2%2Ftags&post=14793"}],"curies":[{"name":"wp","href":"https:\/\/api.w.org\/{rel}","templated":true}]}}