{"id":14783,"date":"2024-09-03T05:23:15","date_gmt":"2024-09-03T05:23:15","guid":{"rendered":"https:\/\/millitv.net\/?p=14783"},"modified":"2024-09-03T05:23:17","modified_gmt":"2024-09-03T05:23:17","slug":"s%C9%99hn%C9%99y%C9%99-el%C9%99-bir-geyimd%C9%99-cixdi-ki-fotolar","status":"publish","type":"post","link":"https:\/\/millitv.net\/?p=14783","title":{"rendered":"S\u0259hn\u0259y\u0259 el\u0259 bir geyimd\u0259 \u00e7\u0131xd\u0131 ki&#8230; &#8211; Fotolar"},"content":{"rendered":"\n<p><strong>G\u0259ncl\u0259rin sevimli m\u00fc\u011f\u0259nnisi Hiss geyimi il\u0259 diqq\u0259t \u00e7\u0259kib.<\/strong><\/p>\n\n\n\n<p>Millitv.net x\u0259b\u0259r verir ki, ifa\u00e7\u0131 D\u0259nizk\u0259nar\u0131 Milli Parkda t\u0259\u015fkil olunan xalq konsertind\u0259 \u00e7\u0131x\u0131\u015f edib. S\u0259hn\u0259d\u0259 &#8220;Lay-lay&#8221; v\u0259 &#8220;\u0130st\u0259mir\u0259m&#8221; kimi hitl\u0259rini s\u0259sl\u0259ndir\u0259n Hiss izl\u0259yicil\u0259rl\u0259 s\u00f6hb\u0259tl\u0259ri il\u0259 d\u0259 diqq\u0259t \u00e7\u0259kib.<\/p>\n\n\n\n<p>Hiss m\u00fcxt\u0259lif cins par\u00e7alardan haz\u0131rlanm\u0131\u015f libas\u0131 il\u0259 izl\u0259yicil\u0259rin mara\u011f\u0131na s\u0259b\u0259b olub. Geyimin m\u00fc\u0259llifinin T\u00fcrkiy\u0259d\u0259 ya\u015fayan L\u0259man S\u00fcleyman oldu\u011fu bildirilir.<\/p>\n\n\n\n<figure class=\"wp-block-image\"><img decoding=\"async\" src=\"https:\/\/MilliTv.NET\/storage\/2024\/09\/02\/hiss.jpg\" alt=\"\" title=\"\"><\/figure>\n\n\n\n<figure class=\"wp-block-image\"><img decoding=\"async\" src=\"https:\/\/MilliTv.NET\/storage\/2024\/09\/02\/hiss2.jpg\" alt=\"\" title=\"\"><\/figure>\n\n\n\n<figure class=\"wp-block-image\"><img decoding=\"async\" src=\"https:\/\/MilliTv.NET\/storage\/2024\/09\/02\/hiss1.jpg\" alt=\"\" title=\"\"><\/figure>\n\n\n\n<figure class=\"wp-block-image\"><img decoding=\"async\" src=\"https:\/\/MilliTv.NET\/storage\/2024\/09\/02\/hiss3.jpg\" alt=\"\" title=\"\"><\/figure>\n\n\n\n<p><a href=\"https:\/\/t.me\/publika_az1\" target=\"_blank\" rel=\"noreferrer noopener\"><\/a><\/p>\n","protected":false},"excerpt":{"rendered":"<p>G\u0259ncl\u0259rin sevimli m\u00fc\u011f\u0259nnisi Hiss geyimi il\u0259 diqq\u0259t \u00e7\u0259kib. Millitv.net x\u0259b\u0259r verir ki, ifa\u00e7\u0131 D\u0259nizk\u0259nar\u0131 Milli Parkda t\u0259\u015fkil olunan xalq konsertind\u0259 \u00e7\u0131x\u0131\u015f edib. S\u0259hn\u0259d\u0259 &#8220;Lay-lay&#8221; v\u0259 &#8220;\u0130st\u0259mir\u0259m&#8221; kimi hitl\u0259rini s\u0259sl\u0259ndir\u0259n Hiss izl\u0259yicil\u0259rl\u0259 s\u00f6hb\u0259tl\u0259ri il\u0259 d\u0259 diqq\u0259t \u00e7\u0259kib. Hiss m\u00fcxt\u0259lif cins par\u00e7alardan haz\u0131rlanm\u0131\u015f libas\u0131 il\u0259 izl\u0259yicil\u0259rin mara\u011f\u0131na s\u0259b\u0259b olub. Geyimin m\u00fc\u0259llifinin T\u00fcrkiy\u0259d\u0259 ya\u015fayan L\u0259man S\u00fcleyman oldu\u011fu bildirilir.<\/p>\n","protected":false},"author":1,"featured_media":14784,"comment_status":"open","ping_status":"closed","sticky":false,"template":"","format":"standard","meta":{"footnotes":""},"categories":[6],"tags":[],"class_list":["post-14783","post","type-post","status-publish","format-standard","has-post-thumbnail","hentry","category-maqazin"],"_links":{"self":[{"href":"https:\/\/millitv.net\/index.php?rest_route=\/wp\/v2\/posts\/14783","targetHints":{"allow":["GET"]}}],"collection":[{"href":"https:\/\/millitv.net\/index.php?rest_route=\/wp\/v2\/posts"}],"about":[{"href":"https:\/\/millitv.net\/index.php?rest_route=\/wp\/v2\/types\/post"}],"author":[{"embeddable":true,"href":"https:\/\/millitv.net\/index.php?rest_route=\/wp\/v2\/users\/1"}],"replies":[{"embeddable":true,"href":"https:\/\/millitv.net\/index.php?rest_route=%2Fwp%2Fv2%2Fcomments&post=14783"}],"version-history":[{"count":1,"href":"https:\/\/millitv.net\/index.php?rest_route=\/wp\/v2\/posts\/14783\/revisions"}],"predecessor-version":[{"id":14785,"href":"https:\/\/millitv.net\/index.php?rest_route=\/wp\/v2\/posts\/14783\/revisions\/14785"}],"wp:featuredmedia":[{"embeddable":true,"href":"https:\/\/millitv.net\/index.php?rest_route=\/wp\/v2\/media\/14784"}],"wp:attachment":[{"href":"https:\/\/millitv.net\/index.php?rest_route=%2Fwp%2Fv2%2Fmedia&parent=14783"}],"wp:term":[{"taxonomy":"category","embeddable":true,"href":"https:\/\/millitv.net\/index.php?rest_route=%2Fwp%2Fv2%2Fcategories&post=14783"},{"taxonomy":"post_tag","embeddable":true,"href":"https:\/\/millitv.net\/index.php?rest_route=%2Fwp%2Fv2%2Ftags&post=14783"}],"curies":[{"name":"wp","href":"https:\/\/api.w.org\/{rel}","templated":true}]}}