{"id":1470,"date":"2023-10-13T14:26:20","date_gmt":"2023-10-13T14:26:20","guid":{"rendered":"https:\/\/millinews.az\/xeber\/avropadan-cin%C9%99-muhum-s%C9%99f%C9%99r\/"},"modified":"2023-10-13T14:26:20","modified_gmt":"2023-10-13T14:26:20","slug":"avropadan-cin%C9%99-muhum-s%C9%99f%C9%99r","status":"publish","type":"post","link":"https:\/\/millitv.net\/?p=1470","title":{"rendered":"Avropadan \u00c7in\u0259 m\u00fch\u00fcm s\u0259f\u0259r"},"content":{"rendered":"<div id=\"maincontent\">&#13;<br \/>\n        &#13;<\/p>\n<p><strong>Avropa \u0130ttifaq\u0131n\u0131n Xarici \u0130\u015fl\u0259r v\u0259 T\u0259hl\u00fck\u0259sizlik Siyas\u0259ti \u00fczr\u0259 Ali N\u00fcmay\u0259nd\u0259si Josep Borrell \u00c7inin paytaxt\u0131 Pekind\u0259 s\u0259f\u0259rd\u0259dir. <\/strong><\/p>\n<p><a href=\"https:\/\/Millinews.az\" target=\"_blank\" class=\"kw-link\" rel=\"noopener\">Millinews.az<\/a> x\u0259b\u0259r verir ki, Borrell bildirib ki, Avropa \u0130ttifaq\u0131 \u00c7inin y\u00fcks\u0259li\u015finin qar\u015f\u0131s\u0131n\u0131 alma\u011fa \u00e7al\u0131\u015fm\u0131r. \u201cBiz \u00c7inin  b\u00f6y\u00fcm\u0259sinin qar\u015f\u0131s\u0131n\u0131 alma\u011fa \u00e7al\u0131\u015fm\u0131r\u0131q\u201d dey\u0259n Borrelin s\u00f6zl\u0259rin\u0259 g\u00f6r\u0259, Avropa \u0130ttifaq\u0131 \u0259ksin\u0259, \u00c7in iqlim d\u0259yi\u015fikliyi, s\u0259hiyy\u0259 v\u0259 inki\u015faf etm\u0259kd\u0259 olan \u00f6lk\u0259l\u0259r \u00fc\u00e7\u00fcn borclar\u0131n aradan qald\u0131r\u0131lmas\u0131 kimi qlobal probleml\u0259rin h\u0259llind\u0259 daha f\u0259al rol almas\u0131n\u0131 ist\u0259yir. Borrell h\u0259m\u00e7inin bildirib ki, A\u0130 m\u00fch\u00fcm beyn\u0259lxalq m\u0259s\u0259l\u0259l\u0259rd\u0259 \u00c7inl\u0259 birg\u0259 h\u0259r\u0259k\u0259t etm\u0259k ist\u0259yir.  &#13;\n<\/p>\n<p>Borrell h\u0259m\u00e7inin bildirib ki, Avropa \u0130ttifaq\u0131 BMT T\u0259hl\u00fck\u0259sizlik \u015euras\u0131 da daxil olmaqla beyn\u0259lxalq qurumlarda islahatlar\u0131n apar\u0131lmas\u0131n\u0131n z\u0259ruriliyini q\u0259bul edir.<strong\/>&#13;<br \/>\n        &#13;<br \/>\n&#13;<br \/>\n        &#13;<br \/>\n&#13;\n        <\/p>\n<p><noscript><\/p>\n<p>You must enable Javascript on your browser for the site to work optimally and display sections completely.<\/p>\n<p><\/noscript>\t\t&#13;<br \/>\n\t\t&#13;\n    <\/div>\n<p><script type=\"text\/javascript\">jQuery(document).ready(function () {\n(function(d, s, id) {\n    var js, fjs = d.getElementsByTagName(s)[0];\n    if (d.getElementById(id))\n        return;\n    js = d.createElement(s);\n    js.id = id;\n    js.src = \"\/\/connect.facebook.net\/az_AZ\/all.js#xfbml=1&appId=1002485763137712\";\n    fjs.parentNode.insertBefore(js, fjs);\n}(document, 'script', 'facebook-jssdk'));                \n});<\/script><\/p>\n","protected":false},"excerpt":{"rendered":"<p>&#13; &#13; Avropa \u0130ttifaq\u0131n\u0131n Xarici \u0130\u015fl\u0259r v\u0259 T\u0259hl\u00fck\u0259sizlik Siyas\u0259ti \u00fczr\u0259 Ali N\u00fcmay\u0259nd\u0259si Josep Borrell \u00c7inin paytaxt\u0131 Pekind\u0259 s\u0259f\u0259rd\u0259dir. Millinews.az x\u0259b\u0259r verir ki, Borrell bildirib ki, Avropa \u0130ttifaq\u0131 \u00c7inin y\u00fcks\u0259li\u015finin qar\u015f\u0131s\u0131n\u0131 alma\u011fa \u00e7al\u0131\u015fm\u0131r. \u201cBiz \u00c7inin b\u00f6y\u00fcm\u0259sinin qar\u015f\u0131s\u0131n\u0131 alma\u011fa \u00e7al\u0131\u015fm\u0131r\u0131q\u201d dey\u0259n Borrelin s\u00f6zl\u0259rin\u0259 g\u00f6r\u0259, Avropa \u0130ttifaq\u0131 \u0259ksin\u0259, \u00c7in iqlim d\u0259yi\u015fikliyi, s\u0259hiyy\u0259 v\u0259 inki\u015faf etm\u0259kd\u0259 olan \u00f6lk\u0259l\u0259r \u00fc\u00e7\u00fcn &hellip;<\/p>\n","protected":false},"author":1,"featured_media":1471,"comment_status":"open","ping_status":"closed","sticky":false,"template":"","format":"standard","meta":{"footnotes":""},"categories":[9],"tags":[],"class_list":["post-1470","post","type-post","status-publish","format-standard","has-post-thumbnail","hentry","category-xeber"],"_links":{"self":[{"href":"https:\/\/millitv.net\/index.php?rest_route=\/wp\/v2\/posts\/1470","targetHints":{"allow":["GET"]}}],"collection":[{"href":"https:\/\/millitv.net\/index.php?rest_route=\/wp\/v2\/posts"}],"about":[{"href":"https:\/\/millitv.net\/index.php?rest_route=\/wp\/v2\/types\/post"}],"author":[{"embeddable":true,"href":"https:\/\/millitv.net\/index.php?rest_route=\/wp\/v2\/users\/1"}],"replies":[{"embeddable":true,"href":"https:\/\/millitv.net\/index.php?rest_route=%2Fwp%2Fv2%2Fcomments&post=1470"}],"version-history":[{"count":0,"href":"https:\/\/millitv.net\/index.php?rest_route=\/wp\/v2\/posts\/1470\/revisions"}],"wp:featuredmedia":[{"embeddable":true,"href":"https:\/\/millitv.net\/index.php?rest_route=\/wp\/v2\/media\/1471"}],"wp:attachment":[{"href":"https:\/\/millitv.net\/index.php?rest_route=%2Fwp%2Fv2%2Fmedia&parent=1470"}],"wp:term":[{"taxonomy":"category","embeddable":true,"href":"https:\/\/millitv.net\/index.php?rest_route=%2Fwp%2Fv2%2Fcategories&post=1470"},{"taxonomy":"post_tag","embeddable":true,"href":"https:\/\/millitv.net\/index.php?rest_route=%2Fwp%2Fv2%2Ftags&post=1470"}],"curies":[{"name":"wp","href":"https:\/\/api.w.org\/{rel}","templated":true}]}}