{"id":14205,"date":"2024-10-14T14:41:40","date_gmt":"2024-10-14T14:41:40","guid":{"rendered":"https:\/\/millitv.net\/?p=14205"},"modified":"2024-10-14T14:41:41","modified_gmt":"2024-10-14T14:41:41","slug":"roza-efir%C9%99-d%C9%99rin-razrezli-geyimd%C9%99-g%C9%99ldi-ombasina-q%C9%99d%C9%99r-cold%C9%99-qaldi-video","status":"publish","type":"post","link":"https:\/\/millitv.net\/?p=14205","title":{"rendered":"Roza efir\u0259 d\u0259rin razrezli geyimd\u0259 g\u0259ldi &#8211; Ombas\u0131na q\u0259d\u0259r \u00e7\u00f6ld\u0259 qald\u0131 &#8211; V\u0130DEO"},"content":{"rendered":"\n<p>M\u00fc\u011f\u0259nni Roza Z\u0259rg\u0259rlinin verili\u015fl\u0259rin birind\u0259 geyindiyi geyim m\u00fczakir\u0259 olunub. M\u00fc\u011f\u0259nnin geyimind\u0259ki razrezi xeyli uzun olub. Razrez m\u00fc\u011f\u0259nnin ombas\u0131na kimi \u00e7at\u0131b. \u0130fa\u00e7\u0131n\u0131n geyimi sosial mediada t\u0259nqid edilib. H\u0259min g\u00f6r\u00fcnt\u00fcl\u0259ri t\u0259qdim edirik:<\/p>\n\n\n\n<p><a href=\"https:\/\/fb.watch\/tt4lj7oDae\" target=\"_blank\" rel=\"noopener\">https:\/\/fb.watch\/tt4lj7oDae<\/a><\/p>\n","protected":false},"excerpt":{"rendered":"<p>M\u00fc\u011f\u0259nni Roza Z\u0259rg\u0259rlinin verili\u015fl\u0259rin birind\u0259 geyindiyi geyim m\u00fczakir\u0259 olunub. M\u00fc\u011f\u0259nnin geyimind\u0259ki razrezi xeyli uzun olub. Razrez m\u00fc\u011f\u0259nnin ombas\u0131na kimi \u00e7at\u0131b. \u0130fa\u00e7\u0131n\u0131n geyimi sosial mediada t\u0259nqid edilib. H\u0259min g\u00f6r\u00fcnt\u00fcl\u0259ri t\u0259qdim edirik: https:\/\/fb.watch\/tt4lj7oDae<\/p>\n","protected":false},"author":1,"featured_media":14207,"comment_status":"open","ping_status":"closed","sticky":false,"template":"","format":"standard","meta":{"footnotes":""},"categories":[1],"tags":[],"class_list":["post-14205","post","type-post","status-publish","format-standard","has-post-thumbnail","hentry","category-idman"],"_links":{"self":[{"href":"https:\/\/millitv.net\/index.php?rest_route=\/wp\/v2\/posts\/14205","targetHints":{"allow":["GET"]}}],"collection":[{"href":"https:\/\/millitv.net\/index.php?rest_route=\/wp\/v2\/posts"}],"about":[{"href":"https:\/\/millitv.net\/index.php?rest_route=\/wp\/v2\/types\/post"}],"author":[{"embeddable":true,"href":"https:\/\/millitv.net\/index.php?rest_route=\/wp\/v2\/users\/1"}],"replies":[{"embeddable":true,"href":"https:\/\/millitv.net\/index.php?rest_route=%2Fwp%2Fv2%2Fcomments&post=14205"}],"version-history":[{"count":1,"href":"https:\/\/millitv.net\/index.php?rest_route=\/wp\/v2\/posts\/14205\/revisions"}],"predecessor-version":[{"id":14208,"href":"https:\/\/millitv.net\/index.php?rest_route=\/wp\/v2\/posts\/14205\/revisions\/14208"}],"wp:featuredmedia":[{"embeddable":true,"href":"https:\/\/millitv.net\/index.php?rest_route=\/wp\/v2\/media\/14207"}],"wp:attachment":[{"href":"https:\/\/millitv.net\/index.php?rest_route=%2Fwp%2Fv2%2Fmedia&parent=14205"}],"wp:term":[{"taxonomy":"category","embeddable":true,"href":"https:\/\/millitv.net\/index.php?rest_route=%2Fwp%2Fv2%2Fcategories&post=14205"},{"taxonomy":"post_tag","embeddable":true,"href":"https:\/\/millitv.net\/index.php?rest_route=%2Fwp%2Fv2%2Ftags&post=14205"}],"curies":[{"name":"wp","href":"https:\/\/api.w.org\/{rel}","templated":true}]}}