{"id":1412,"date":"2023-10-13T10:11:19","date_gmt":"2023-10-13T10:11:19","guid":{"rendered":"https:\/\/millinews.az\/xeber\/nazir-parlamentd%C9%99-pensiya-yasinin-azaldilmasi-m%C9%99s%C9%99l%C9%99sind%C9%99n-danisdi\/"},"modified":"2023-10-13T10:11:19","modified_gmt":"2023-10-13T10:11:19","slug":"nazir-parlamentd%C9%99-pensiya-yasinin-azaldilmasi-m%C9%99s%C9%99l%C9%99sind%C9%99n-danisdi","status":"publish","type":"post","link":"https:\/\/millitv.net\/?p=1412","title":{"rendered":"Nazir parlamentd\u0259 pensiya ya\u015f\u0131n\u0131n azald\u0131lmas\u0131 m\u0259s\u0259l\u0259sind\u0259n DANI\u015eDI"},"content":{"rendered":"<p><img decoding=\"async\" src=\"https:\/\/cdn.oxu.az\/uploads\/W1siZiIsIjIwMjMvMTAvMTMvMTMvNDQvMDQvYWE2NjlhNDMtZWYzOC00YmUzLWExYmEtZjkyZjkwOGY5YTM3L1NBMV8yMDIyLmpwZyJdLFsicCIsImVuY29kZSIsImpwZyIsIi1xdWFsaXR5IDgwIl0sWyJwIiwidGh1bWIiLCI2MjB4NDY1XHUwMDNlIl1d?sha=6c3514858e31358e\" alt=\"\" title=\"\"><\/p>\n<div>\n<p>\u201cAz\u0259rbaycanda effektiv pensiya ya\u015f\u0131 62-dir v\u0259 65 ya\u015f normativ ya\u015fd\u0131r. Eyni zamanda qanunvericilikl\u0259 n\u0259z\u0259rd\u0259 tutulmu\u015f \u00e7oxsayl\u0131 g\u00fcz\u0259\u015ftl\u0259r n\u0259tic\u0259sind\u0259 effektiv ya\u015f 62-dir. Bu, d\u00fcnyada \u0259n a\u015fa\u011f\u0131 ya\u015flardan biridir\u201d.<\/p>\n<p>\u201cReport\u201d\u00a0x\u0259b\u0259r verir ki, bunu \u0259m\u0259k v\u0259 \u0259halinin sosial m\u00fcdafi\u0259si naziri Sahil Babayev parlamentd\u0259 ke\u00e7iril\u0259n konfransda \u00e7\u0131x\u0131\u015f\u0131 zaman\u0131 deyib.<\/p>\n<p>Nazir bildirib ki, \u00f6m\u00fcr uzunlu\u011fu pariteti il\u0259 g\u00f6t\u00fcrs\u0259k, Az\u0259rbaycanda effektiv pensiyada olma m\u00fcdd\u0259ti 15 ildir:<\/p>\n<p>\u201cBu da pensiyada olman\u0131n \u0259n y\u00fcks\u0259k r\u0259q\u0259ml\u0259rind\u0259n biridir. \u018fg\u0259r biz pensiya sistemini, sosial t\u0259minat sistemini da\u011f\u0131tmaq ist\u0259yiriks\u0259, ist\u0259nil\u0259n opportunist ill\u0259r, r\u0259q\u0259ml\u0259r s\u0259sl\u0259ndiril\u0259 bil\u0259r. Dey\u0259k ki, 30 ya\u015f\u0131ndan pensiya olacaq, lakin bunun alt\u0131nda n\u0259z\u0259ri, elmi t\u0259hlil olmal\u0131d\u0131r. D\u00fcnyada \u0259n uzunm\u00fcdd\u0259tli pensiya d\u00f6vrl\u0259rind\u0259n biri Az\u0259rbaycandad\u0131r. Bu da 15 ildir. X\u00fcsusi g\u00fcz\u0259\u015ftli t\u0259b\u0259q\u0259 &#8211; h\u0259rb\u00e7il\u0259r, \u0259lilliyi olan insanlar\u0131m\u0131z v\u0259 dig\u0259rl\u0259ri \u00fc\u00e7\u00fcn pensiya d\u00f6vr\u00fc 18 ildir. Bu da d\u00fcnyada \u0259n uzunm\u00fcdd\u0259tli pensiya d\u00f6vrl\u0259rind\u0259n biri hesab olunur. Bu r\u0259q\u0259ml\u0259r 1 milyon 100 min sayda pensiya\u00e7\u0131ya \u0259saslan\u0131r\u201d.<\/p>\n<\/div>\n","protected":false},"excerpt":{"rendered":"<p>\u201cAz\u0259rbaycanda effektiv pensiya ya\u015f\u0131 62-dir v\u0259 65 ya\u015f normativ ya\u015fd\u0131r. Eyni zamanda qanunvericilikl\u0259 n\u0259z\u0259rd\u0259 tutulmu\u015f \u00e7oxsayl\u0131 g\u00fcz\u0259\u015ftl\u0259r n\u0259tic\u0259sind\u0259 effektiv ya\u015f 62-dir. Bu, d\u00fcnyada \u0259n a\u015fa\u011f\u0131 ya\u015flardan biridir\u201d. \u201cReport\u201d\u00a0x\u0259b\u0259r verir ki, bunu \u0259m\u0259k v\u0259 \u0259halinin sosial m\u00fcdafi\u0259si naziri Sahil Babayev parlamentd\u0259 ke\u00e7iril\u0259n konfransda \u00e7\u0131x\u0131\u015f\u0131 zaman\u0131 deyib. Nazir bildirib ki, \u00f6m\u00fcr uzunlu\u011fu pariteti il\u0259 g\u00f6t\u00fcrs\u0259k, Az\u0259rbaycanda effektiv &hellip;<\/p>\n","protected":false},"author":1,"featured_media":1413,"comment_status":"open","ping_status":"closed","sticky":false,"template":"","format":"standard","meta":{"footnotes":""},"categories":[9],"tags":[],"class_list":["post-1412","post","type-post","status-publish","format-standard","has-post-thumbnail","hentry","category-xeber"],"_links":{"self":[{"href":"https:\/\/millitv.net\/index.php?rest_route=\/wp\/v2\/posts\/1412","targetHints":{"allow":["GET"]}}],"collection":[{"href":"https:\/\/millitv.net\/index.php?rest_route=\/wp\/v2\/posts"}],"about":[{"href":"https:\/\/millitv.net\/index.php?rest_route=\/wp\/v2\/types\/post"}],"author":[{"embeddable":true,"href":"https:\/\/millitv.net\/index.php?rest_route=\/wp\/v2\/users\/1"}],"replies":[{"embeddable":true,"href":"https:\/\/millitv.net\/index.php?rest_route=%2Fwp%2Fv2%2Fcomments&post=1412"}],"version-history":[{"count":0,"href":"https:\/\/millitv.net\/index.php?rest_route=\/wp\/v2\/posts\/1412\/revisions"}],"wp:featuredmedia":[{"embeddable":true,"href":"https:\/\/millitv.net\/index.php?rest_route=\/wp\/v2\/media\/1413"}],"wp:attachment":[{"href":"https:\/\/millitv.net\/index.php?rest_route=%2Fwp%2Fv2%2Fmedia&parent=1412"}],"wp:term":[{"taxonomy":"category","embeddable":true,"href":"https:\/\/millitv.net\/index.php?rest_route=%2Fwp%2Fv2%2Fcategories&post=1412"},{"taxonomy":"post_tag","embeddable":true,"href":"https:\/\/millitv.net\/index.php?rest_route=%2Fwp%2Fv2%2Ftags&post=1412"}],"curies":[{"name":"wp","href":"https:\/\/api.w.org\/{rel}","templated":true}]}}