{"id":14052,"date":"2024-07-28T21:06:00","date_gmt":"2024-07-28T21:06:00","guid":{"rendered":"https:\/\/millitv.net\/?p=14052"},"modified":"2024-07-29T06:19:42","modified_gmt":"2024-07-29T06:19:42","slug":"az%C9%99rbaycanda-yataq-otagina-gizli-kamera-qoyan-ail%C9%99-goruntul%C9%99ri-izl%C9%99y%C9%99nd%C9%99-d%C9%99hs%C9%99t%C9%99-g%C9%99ldi-video","status":"publish","type":"post","link":"https:\/\/millitv.net\/?p=14052","title":{"rendered":"Az\u0259rbaycanda yataq ota\u011f\u0131na gizli kamera qoyan ail\u0259 g\u00f6r\u00fcnt\u00fcl\u0259ri izl\u0259y\u0259nd\u0259 d\u0259h\u015f\u0259t\u0259 g\u0259ldi &#8211; V\u0130DEO"},"content":{"rendered":"\n<p>Sosial mediada payla\u015f\u0131lan Az\u0259rbaycanda lent\u0259 al\u0131nd\u0131\u011f\u0131 deyil\u0259n g\u00f6r\u00fcnt\u00fcl\u0259r maraqla qar\u015f\u0131lan\u0131b. Ail\u0259 \u00fczvl\u0259ri evd\u0259 anomal hadis\u0259l\u0259rin ba\u015f verdiyini ir\u0259li s\u00fcr\u00fcr. Onlar yataq ota\u011f\u0131na m\u00fc\u015fahid\u0259 kameras\u0131 qoyaraq g\u00f6r\u00fcnt\u00fcl\u0259r lent\u0259 al\u0131blar. H\u0259min g\u00f6r\u00fcnt\u00fcl\u0259ri t\u0259qdim edirik:\u00a0<\/p>\n\n\n\n<p><a href=\"https:\/\/fb.watch\/tmCBTYOC9Q\" target=\"_blank\" rel=\"noopener\">https:\/\/fb.watch\/tmCBTYOC9Q<\/a><\/p>\n","protected":false},"excerpt":{"rendered":"<p>Sosial mediada payla\u015f\u0131lan Az\u0259rbaycanda lent\u0259 al\u0131nd\u0131\u011f\u0131 deyil\u0259n g\u00f6r\u00fcnt\u00fcl\u0259r maraqla qar\u015f\u0131lan\u0131b. Ail\u0259 \u00fczvl\u0259ri evd\u0259 anomal hadis\u0259l\u0259rin ba\u015f verdiyini ir\u0259li s\u00fcr\u00fcr. Onlar yataq ota\u011f\u0131na m\u00fc\u015fahid\u0259 kameras\u0131 qoyaraq g\u00f6r\u00fcnt\u00fcl\u0259r lent\u0259 al\u0131blar. H\u0259min g\u00f6r\u00fcnt\u00fcl\u0259ri t\u0259qdim edirik:\u00a0 https:\/\/fb.watch\/tmCBTYOC9Q<\/p>\n","protected":false},"author":1,"featured_media":14053,"comment_status":"open","ping_status":"closed","sticky":false,"template":"","format":"standard","meta":{"footnotes":""},"categories":[3],"tags":[],"class_list":["post-14052","post","type-post","status-publish","format-standard","has-post-thumbnail","hentry","category-olke"],"_links":{"self":[{"href":"https:\/\/millitv.net\/index.php?rest_route=\/wp\/v2\/posts\/14052","targetHints":{"allow":["GET"]}}],"collection":[{"href":"https:\/\/millitv.net\/index.php?rest_route=\/wp\/v2\/posts"}],"about":[{"href":"https:\/\/millitv.net\/index.php?rest_route=\/wp\/v2\/types\/post"}],"author":[{"embeddable":true,"href":"https:\/\/millitv.net\/index.php?rest_route=\/wp\/v2\/users\/1"}],"replies":[{"embeddable":true,"href":"https:\/\/millitv.net\/index.php?rest_route=%2Fwp%2Fv2%2Fcomments&post=14052"}],"version-history":[{"count":1,"href":"https:\/\/millitv.net\/index.php?rest_route=\/wp\/v2\/posts\/14052\/revisions"}],"predecessor-version":[{"id":14054,"href":"https:\/\/millitv.net\/index.php?rest_route=\/wp\/v2\/posts\/14052\/revisions\/14054"}],"wp:featuredmedia":[{"embeddable":true,"href":"https:\/\/millitv.net\/index.php?rest_route=\/wp\/v2\/media\/14053"}],"wp:attachment":[{"href":"https:\/\/millitv.net\/index.php?rest_route=%2Fwp%2Fv2%2Fmedia&parent=14052"}],"wp:term":[{"taxonomy":"category","embeddable":true,"href":"https:\/\/millitv.net\/index.php?rest_route=%2Fwp%2Fv2%2Fcategories&post=14052"},{"taxonomy":"post_tag","embeddable":true,"href":"https:\/\/millitv.net\/index.php?rest_route=%2Fwp%2Fv2%2Ftags&post=14052"}],"curies":[{"name":"wp","href":"https:\/\/api.w.org\/{rel}","templated":true}]}}