{"id":1394,"date":"2023-10-13T08:31:16","date_gmt":"2023-10-13T08:31:16","guid":{"rendered":"https:\/\/millinews.az\/xeber\/nazird%C9%99n-pensiyalarla-bagli-muhum-aciqlama\/"},"modified":"2023-10-13T08:31:16","modified_gmt":"2023-10-13T08:31:16","slug":"nazird%C9%99n-pensiyalarla-bagli-muhum-aciqlama","status":"publish","type":"post","link":"https:\/\/millitv.net\/?p=1394","title":{"rendered":"Nazird\u0259n pensiyalarla ba\u011fl\u0131 M\u00dcH\u00dcM A\u00c7IQLAMA"},"content":{"rendered":"<div id=\"maincontent\">&#13;<br \/>\n        &#13;<\/p>\n<p><strong>Heyd\u0259r \u018fliyevin m\u00fc\u0259llifi oldu\u011fu u\u011furlu sosial-iqtisadi inki\u015faf strategiyas\u0131 \u00f6lk\u0259mizd\u0259 yoxsullu\u011fun azalmas\u0131n\u0131 t\u0259min etdi.<\/strong><\/p>\n<p><a href=\"https:\/\/Millinews.az\" target=\"_blank\" class=\"kw-link\" rel=\"noopener\">Millinews.az<\/a> x\u0259b\u0259r verir ki,  bu fikirl\u0259ri \u0259m\u0259k v\u0259 \u0259halinin sosial m\u00fcdafi\u0259si naziri Sahil Babayev parlamentd\u0259 ke\u00e7iril\u0259n &#8220;Heyd\u0259r \u018fliyev -100: M\u00fcasir Az\u0259rbaycan &#8211; sosial rifah v\u0259 sosial \u0259dal\u0259t d\u00f6vl\u0259ti&#8221; m\u00f6vzusunda elmi-praktik konfransda \u00e7\u0131x\u0131\u015f\u0131 zaman\u0131 deyib. &#13;\n<\/p>\n<p>Nazir bildirib ki, 1995-2003-c\u00fc ill\u0259rd\u0259 pensiya v\u0259 m\u00fcavin\u0259tl\u0259rin orta ayl\u0131q m\u0259bl\u0259\u011fi 8 d\u0259f\u0259, orta ayl\u0131q \u0259m\u0259khaqq\u0131 6 d\u0259f\u0259d\u0259n \u00e7ox artd\u0131.<\/p>\n<p>&#8220;Bu g\u00fcn Az\u0259rbaycan\u0131n sosial sah\u0259d\u0259 nadir t\u0259cr\u00fcb\u0259si olan &#8211; \u015f\u0259hid ail\u0259l\u0259rinin v\u0259 m\u00fcharib\u0259 il\u0259 \u0259laq\u0259dar \u0259lilliyi olan \u015f\u0259xsl\u0259rin d\u00f6vl\u0259t hesab\u0131na m\u0259nzill\u0259rl\u0259 t\u0259minat\u0131, onlara minik avtomobill\u0259rinin verilm\u0259si, reabilitasiya m\u0259rk\u0259zl\u0259ri \u015f\u0259b\u0259k\u0259sinin qurulmas\u0131 v\u0259 s. kimi proqramlara da \u00f6t\u0259n \u0259srin 90-c\u0131 ill\u0259rind\u0259 Ulu \u00d6nd\u0259rin tap\u015f\u0131r\u0131\u011f\u0131 \u0259sas\u0131nda ba\u015flan\u0131l\u0131b&#8221;, &#8211; dey\u0259 S.Babayev bildirib.<\/p>\n<p>O qeyd edib ki, \u00f6t\u0259n 20 ild\u0259 d\u00f6vl\u0259t b\u00fcdc\u0259sinin illik sosial m\u00fcdafi\u0259 v\u0259 sosial t\u0259minat x\u0259rcl\u0259rind\u0259 20 d\u0259f\u0259d\u0259n \u00e7ox art\u0131m ba\u015f verib.<\/p>\n<p>&#8220;Minimum \u0259m\u0259khaqq\u0131 38 d\u0259f\u0259 art\u0131r\u0131laraq 345 manata, orta ayl\u0131q \u0259m\u0259khaqq\u0131 12 d\u0259f\u0259d\u0259n \u00e7ox artaraq 925,3 manata \u00e7at\u0131b. Minimum pensiya 14 d\u0259f\u0259 art\u0131r\u0131laraq 280 manata, orta ayl\u0131q pensiya 18 d\u0259f\u0259 artaraq 435 manata, ya\u015fa g\u00f6r\u0259 orta ayl\u0131q pensiya 19 d\u0259f\u0259 artaraq 466 manata, \u0259lilliy\u0259 g\u00f6r\u0259 orta ayl\u0131q pensiya 14 d\u0259f\u0259 artaraq 366 manata, ail\u0259 ba\u015f\u00e7\u0131s\u0131n\u0131 itirm\u0259y\u0259 g\u00f6r\u0259 orta ayl\u0131q pensiya is\u0259 19 d\u0259f\u0259 artaraq 408 manata \u00e7at\u0131b.<\/p>\n<p>Pensiya \u00fczr\u0259 \u00f6d\u0259nil\u0259n illik v\u0259saitl\u0259rin m\u0259bl\u0259\u011fi is\u0259 30 d\u0259f\u0259d\u0259n \u00e7ox artaraq 5 mlrd. 907 mln. manata \u00e7at\u0131b. T\u0259kc\u0259 son bir ild\u0259 pensiyalar \u00fczr\u0259 \u00f6d\u0259ni\u015fl\u0259r\u0259 ayr\u0131lan illik v\u0259saitd\u0259 1 mlrd. manata yax\u0131n, son be\u015f ild\u0259 is\u0259 2,4 mlrd. manat ( 70 faiz) art\u0131m olub. 2003-c\u00fc ild\u0259 orta ayl\u0131q pensiya m\u0259bl\u0259\u011fi pensiya\u00e7\u0131lar \u00fc\u00e7\u00fcn ya\u015fay\u0131\u015f minimumundan 2 d\u0259f\u0259 a\u015fa\u011f\u0131 oldu\u011fu halda, haz\u0131rda bu m\u0259bl\u0259\u011f (435 manat) olmaqla pensiya\u00e7\u0131lar \u00fc\u00e7\u00fcn ya\u015fay\u0131\u015f minimumunu (199 manat) 2,2 d\u0259f\u0259 \u00fcst\u0259l\u0259yir&#8221;.<\/p>\n<p>Nazir \u0259lav\u0259 edib ki, \u00dcmummilli Lider Heyd\u0259r \u018fliyevin m\u00fc\u0259llifi oldu\u011fu v\u0259 Prezident c\u0259nab \u0130lham \u018fliyevin yeni m\u00fcasir v\u0259 qlobal \u00e7a\u011f\u0131r\u0131\u015flara uy\u011fun y\u00fcks\u0259k s\u0259viyy\u0259d\u0259 davam etdirdiyi m\u00fcdrik v\u0259 uzaqg\u00f6r\u0259n milli inki\u015faf strategiyas\u0131 son 20 ild\u0259 Az\u0259rbaycan\u0131n b\u00f6y\u00fck tarixi u\u011furlara, m\u00f6ht\u0259\u015f\u0259m Z\u0259f\u0259r\u0259, eyni zamanda m\u00fch\u00fcm sosial ir\u0259lil\u0259yi\u015fl\u0259r\u0259 nail olmas\u0131n\u0131 t\u0259min edib. &#8220;Bu m\u00fcdrik v\u0259 uzaqg\u00f6r\u0259n siyas\u0259t bundan sonra da \u00f6lk\u0259mizi dinamik inki\u015faf yolunda h\u0259r zaman q\u0259l\u0259b\u0259l\u0259r\u0259, zirv\u0259l\u0259r\u0259 do\u011fru aparacaq&#8221;, &#8211; dey\u0259 S.Babayev bildirib.&#13;<br \/>\n        &#13;<br \/>\n&#13;<br \/>\n        &#13;<br \/>\n&#13;\n        <\/p>\n<p><noscript><\/p>\n<p>You must enable Javascript on your browser for the site to work optimally and display sections completely.<\/p>\n<p><\/noscript>\t\t&#13;<br \/>\n\t\t&#13;\n    <\/div>\n<p><script type=\"text\/javascript\">jQuery(document).ready(function () {\n(function(d, s, id) {\n    var js, fjs = d.getElementsByTagName(s)[0];\n    if (d.getElementById(id))\n        return;\n    js = d.createElement(s);\n    js.id = id;\n    js.src = \"\/\/connect.facebook.net\/az_AZ\/all.js#xfbml=1&appId=1002485763137712\";\n    fjs.parentNode.insertBefore(js, fjs);\n}(document, 'script', 'facebook-jssdk'));                \n});<\/script><\/p>\n","protected":false},"excerpt":{"rendered":"<p>&#13; &#13; Heyd\u0259r \u018fliyevin m\u00fc\u0259llifi oldu\u011fu u\u011furlu sosial-iqtisadi inki\u015faf strategiyas\u0131 \u00f6lk\u0259mizd\u0259 yoxsullu\u011fun azalmas\u0131n\u0131 t\u0259min etdi. Millinews.az x\u0259b\u0259r verir ki, bu fikirl\u0259ri \u0259m\u0259k v\u0259 \u0259halinin sosial m\u00fcdafi\u0259si naziri Sahil Babayev parlamentd\u0259 ke\u00e7iril\u0259n &#8220;Heyd\u0259r \u018fliyev -100: M\u00fcasir Az\u0259rbaycan &#8211; sosial rifah v\u0259 sosial \u0259dal\u0259t d\u00f6vl\u0259ti&#8221; m\u00f6vzusunda elmi-praktik konfransda \u00e7\u0131x\u0131\u015f\u0131 zaman\u0131 deyib. &#13; Nazir bildirib ki, 1995-2003-c\u00fc ill\u0259rd\u0259 &hellip;<\/p>\n","protected":false},"author":1,"featured_media":1395,"comment_status":"open","ping_status":"closed","sticky":false,"template":"","format":"standard","meta":{"footnotes":""},"categories":[9],"tags":[],"class_list":["post-1394","post","type-post","status-publish","format-standard","has-post-thumbnail","hentry","category-xeber"],"_links":{"self":[{"href":"https:\/\/millitv.net\/index.php?rest_route=\/wp\/v2\/posts\/1394","targetHints":{"allow":["GET"]}}],"collection":[{"href":"https:\/\/millitv.net\/index.php?rest_route=\/wp\/v2\/posts"}],"about":[{"href":"https:\/\/millitv.net\/index.php?rest_route=\/wp\/v2\/types\/post"}],"author":[{"embeddable":true,"href":"https:\/\/millitv.net\/index.php?rest_route=\/wp\/v2\/users\/1"}],"replies":[{"embeddable":true,"href":"https:\/\/millitv.net\/index.php?rest_route=%2Fwp%2Fv2%2Fcomments&post=1394"}],"version-history":[{"count":0,"href":"https:\/\/millitv.net\/index.php?rest_route=\/wp\/v2\/posts\/1394\/revisions"}],"wp:featuredmedia":[{"embeddable":true,"href":"https:\/\/millitv.net\/index.php?rest_route=\/wp\/v2\/media\/1395"}],"wp:attachment":[{"href":"https:\/\/millitv.net\/index.php?rest_route=%2Fwp%2Fv2%2Fmedia&parent=1394"}],"wp:term":[{"taxonomy":"category","embeddable":true,"href":"https:\/\/millitv.net\/index.php?rest_route=%2Fwp%2Fv2%2Fcategories&post=1394"},{"taxonomy":"post_tag","embeddable":true,"href":"https:\/\/millitv.net\/index.php?rest_route=%2Fwp%2Fv2%2Ftags&post=1394"}],"curies":[{"name":"wp","href":"https:\/\/api.w.org\/{rel}","templated":true}]}}