{"id":13862,"date":"2024-12-12T21:41:00","date_gmt":"2024-12-12T21:41:00","guid":{"rendered":"https:\/\/millitv.net\/?p=13862"},"modified":"2024-07-12T21:46:34","modified_gmt":"2024-07-12T21:46:34","slug":"bakida-qadin-goz%C9%99ll%C9%99sm%C9%99k-ucun-16-min-verib-%C9%99m%C9%99liyyata-girdi-ozun%C9%99-baxanda-soka-dusdu-video","status":"publish","type":"post","link":"https:\/\/millitv.net\/?p=13862","title":{"rendered":"Bak\u0131da qad\u0131n g\u00f6z\u0259ll\u0259\u015fm\u0259k \u00fc\u00e7\u00fcn 16 min verib \u0259m\u0259liyyata girdi &#8211; \u00d6z\u00fcn\u0259 baxanda \u015foka d\u00fc\u015fd\u00fc &#8211; V\u0130DEO"},"content":{"rendered":"\n<p>Baku TV-d\u0259 h\u0259kim s\u0259hvinin qurban\u0131 oldu\u011funu iddia ed\u0259n \u015e\u0259hla \u018fliyeva haqq\u0131nda s\u00fcjet yay\u0131mlanm\u0131\u015fd\u0131. Estetik \u0259m\u0259liyyatdan \u015fikay\u0259t\u00e7i olan qad\u0131n\u0131n h\u0259kimi G\u00fcnd\u00fcz Bayram Baku TV-y\u0259 m\u00fcraci\u0259t ed\u0259r\u0259k hadis\u0259y\u0259 m\u00fcnasib\u0259t bildirib. H\u0259kimin s\u00f6zl\u0259rin\u0259 g\u00f6r\u0259, xan\u0131m\u0131n \u0259m\u0259liyyatdan sonra b\u0259d\u0259ninin m\u00fcxt\u0259lif nahiy\u0259l\u0259rind\u0259 yaranan yaralar\u0131n sa\u011falmas\u0131 \u00fc\u00e7\u00fcn m\u00fc\u0259yy\u0259n vaxt laz\u0131md\u0131r: \u201cH\u0259r bir \u0259m\u0259liyyat\u0131n reabilitasiya m\u00fcdd\u0259ti var. 24-25 ya\u015fa q\u0259d\u0259r 3 ay, 24-25 ya\u015fdan yuxar\u0131 55 ya\u015fa kimi pasiyentl\u0259r \u00fc\u00e7\u00fcn 6 ay, 55-d\u0259n yuxar\u0131 \u015f\u0259xsl\u0259r \u00fc\u00e7\u00fcn is\u0259 1 il\u0259 kimi reabilitasiya m\u00fcdd\u0259ti var. Reabilitasiya \u0259r\u0259f\u0259sind\u0259 m\u00fc\u0259yy\u0259n q\u0131zart\u0131lar\u0131n, \u015fi\u015fkinlikl\u0259rin olmas\u0131 m\u00fcmk\u00fcnd\u00fcr. \u015e\u0259hla xan\u0131mda he\u00e7 bir iz qalmayacaq. Sad\u0259c\u0259 d\u0259rinin s\u0259thind\u0259 q\u0131zart\u0131 var. H\u0259min q\u0131zart\u0131n\u0131n da zamanla ke\u00e7\u0259c\u0259yin\u0259 tam \u0259min\u0259m\u201d.<\/p>\n\n\n\n<figure class=\"wp-block-embed is-type-video is-provider-youtube wp-block-embed-youtube wp-embed-aspect-16-9 wp-has-aspect-ratio\"><div class=\"wp-block-embed__wrapper\">\n<iframe loading=\"lazy\" title=\"Estetik \u0259m\u0259liyyatdan \u015fikay\u0259t\u00e7i olan qad\u0131n\u0131n h\u0259kimi daha n\u0259l\u0259r dan\u0131\u015fd\u0131?\" width=\"500\" height=\"281\" src=\"https:\/\/www.youtube.com\/embed\/ozhG5HLtTos?feature=oembed\" frameborder=\"0\" allow=\"accelerometer; autoplay; clipboard-write; encrypted-media; gyroscope; picture-in-picture; web-share\" referrerpolicy=\"strict-origin-when-cross-origin\" allowfullscreen><\/iframe>\n<\/div><\/figure>\n","protected":false},"excerpt":{"rendered":"<p>Baku TV-d\u0259 h\u0259kim s\u0259hvinin qurban\u0131 oldu\u011funu iddia ed\u0259n \u015e\u0259hla \u018fliyeva haqq\u0131nda s\u00fcjet yay\u0131mlanm\u0131\u015fd\u0131. Estetik \u0259m\u0259liyyatdan \u015fikay\u0259t\u00e7i olan qad\u0131n\u0131n h\u0259kimi G\u00fcnd\u00fcz Bayram Baku TV-y\u0259 m\u00fcraci\u0259t ed\u0259r\u0259k hadis\u0259y\u0259 m\u00fcnasib\u0259t bildirib. H\u0259kimin s\u00f6zl\u0259rin\u0259 g\u00f6r\u0259, xan\u0131m\u0131n \u0259m\u0259liyyatdan sonra b\u0259d\u0259ninin m\u00fcxt\u0259lif nahiy\u0259l\u0259rind\u0259 yaranan yaralar\u0131n sa\u011falmas\u0131 \u00fc\u00e7\u00fcn m\u00fc\u0259yy\u0259n vaxt laz\u0131md\u0131r: \u201cH\u0259r bir \u0259m\u0259liyyat\u0131n reabilitasiya m\u00fcdd\u0259ti var. 24-25 ya\u015fa q\u0259d\u0259r 3 ay, &hellip;<\/p>\n","protected":false},"author":1,"featured_media":13864,"comment_status":"open","ping_status":"closed","sticky":false,"template":"","format":"standard","meta":{"footnotes":""},"categories":[3],"tags":[],"class_list":["post-13862","post","type-post","status-publish","format-standard","has-post-thumbnail","hentry","category-olke"],"_links":{"self":[{"href":"https:\/\/millitv.net\/index.php?rest_route=\/wp\/v2\/posts\/13862","targetHints":{"allow":["GET"]}}],"collection":[{"href":"https:\/\/millitv.net\/index.php?rest_route=\/wp\/v2\/posts"}],"about":[{"href":"https:\/\/millitv.net\/index.php?rest_route=\/wp\/v2\/types\/post"}],"author":[{"embeddable":true,"href":"https:\/\/millitv.net\/index.php?rest_route=\/wp\/v2\/users\/1"}],"replies":[{"embeddable":true,"href":"https:\/\/millitv.net\/index.php?rest_route=%2Fwp%2Fv2%2Fcomments&post=13862"}],"version-history":[{"count":1,"href":"https:\/\/millitv.net\/index.php?rest_route=\/wp\/v2\/posts\/13862\/revisions"}],"predecessor-version":[{"id":13865,"href":"https:\/\/millitv.net\/index.php?rest_route=\/wp\/v2\/posts\/13862\/revisions\/13865"}],"wp:featuredmedia":[{"embeddable":true,"href":"https:\/\/millitv.net\/index.php?rest_route=\/wp\/v2\/media\/13864"}],"wp:attachment":[{"href":"https:\/\/millitv.net\/index.php?rest_route=%2Fwp%2Fv2%2Fmedia&parent=13862"}],"wp:term":[{"taxonomy":"category","embeddable":true,"href":"https:\/\/millitv.net\/index.php?rest_route=%2Fwp%2Fv2%2Fcategories&post=13862"},{"taxonomy":"post_tag","embeddable":true,"href":"https:\/\/millitv.net\/index.php?rest_route=%2Fwp%2Fv2%2Ftags&post=13862"}],"curies":[{"name":"wp","href":"https:\/\/api.w.org\/{rel}","templated":true}]}}