{"id":1374,"date":"2023-10-13T06:34:20","date_gmt":"2023-10-13T06:34:20","guid":{"rendered":"https:\/\/millinews.az\/xeber\/ancelotti-ardanin-bu-davranisindan-sonra-m%C9%99sqi-dayandirdi\/"},"modified":"2023-10-13T06:34:20","modified_gmt":"2023-10-13T06:34:20","slug":"ancelotti-ardanin-bu-davranisindan-sonra-m%C9%99sqi-dayandirdi","status":"publish","type":"post","link":"https:\/\/millitv.net\/?p=1374","title":{"rendered":"An\u00e7elotti Ardan\u0131n bu davran\u0131\u015f\u0131ndan sonra m\u0259\u015fqi dayand\u0131rd\u0131"},"content":{"rendered":"<div id=\"maincontent\">&#13;<br \/>\n        &#13;<\/p>\n<p><strong>&#8220;Real Madrid&#8221;in futbol\u00e7usu Arda G\u00fcler z\u0259d\u0259sini tam sa\u011fald\u0131b.<\/strong>&#13;\n<\/p>\n<p> <a href=\"https:\/\/Millinews.az\" target=\"_blank\" class=\"kw-link\" rel=\"noopener\">Millinews.az<\/a> x\u0259b\u0259r verir ki, Arda komanda il\u0259 birg\u0259 m\u0259\u015fql\u0259r edir. M\u0259lumata g\u00f6r\u0259, m\u0259\u015fqd\u0259 y\u00fcks\u0259k temp n\u00fcmayi\u015f etdir\u0259n Arda, \u0259sas hey\u0259td\u0259 oynama\u011fa haz\u0131r oldu\u011fu mesaj\u0131n\u0131 verib.  Bildirilir ki, M\u0259\u015fqd\u0259 oynad\u0131\u011f\u0131 mat\u00e7da \u00f6t\u00fcrm\u0259 ald\u0131qdan sonra h\u0259r\u0259k\u0259t\u0259 ke\u00e7\u0259n Arda topla driblinq ed\u0259r\u0259k iki m\u00fcdafi\u0259\u00e7ini m\u00fcbariz\u0259d\u0259n k\u0259narla\u015fd\u0131r\u0131b v\u0259 sol aya\u011f\u0131 il\u0259 g\u00f6z\u0259l qola imza at\u0131b. Bu zaman italiyal\u0131 ba\u015f m\u0259\u015fq\u00e7i Karlo An\u00e7elotti mat\u00e7\u0131 dayand\u0131raraq Ardayla s\u00f6hb\u0259tl\u0259\u015fib. An\u00e7elotti Ardan\u0131n qoluna g\u00f6r\u0259 g\u00fcl\u00fcms\u0259y\u0259r\u0259k onu t\u0259brik edib. <\/p>\n<p>Qeyd ed\u0259k ki, Arda G\u00fclerin icar\u0259y\u0259 g\u00f6nd\u0259rilm\u0259si g\u00fcnd\u0259md\u0259 olsa da, Karlo An\u00e7elotti qar\u015f\u0131 \u00e7\u0131x\u0131b. Ardan\u0131n \u0259sas hey\u0259td\u0259 yer alaca\u011f\u0131 bildirilib. <strong\/>&#13;<br \/>\n        &#13;<br \/>\n&#13;<br \/>\n        &#13;<br \/>\n&#13;\n        <\/p>\n<p><noscript><\/p>\n<p>You must enable Javascript on your browser for the site to work optimally and display sections completely.<\/p>\n<p><\/noscript>\t\t&#13;<br \/>\n\t\t&#13;\n    <\/div>\n<p><script type=\"text\/javascript\">jQuery(document).ready(function () {\n(function(d, s, id) {\n    var js, fjs = d.getElementsByTagName(s)[0];\n    if (d.getElementById(id))\n        return;\n    js = d.createElement(s);\n    js.id = id;\n    js.src = \"\/\/connect.facebook.net\/az_AZ\/all.js#xfbml=1&appId=1002485763137712\";\n    fjs.parentNode.insertBefore(js, fjs);\n}(document, 'script', 'facebook-jssdk'));                \n});<\/script><\/p>\n","protected":false},"excerpt":{"rendered":"<p>&#13; &#13; &#8220;Real Madrid&#8221;in futbol\u00e7usu Arda G\u00fcler z\u0259d\u0259sini tam sa\u011fald\u0131b.&#13; Millinews.az x\u0259b\u0259r verir ki, Arda komanda il\u0259 birg\u0259 m\u0259\u015fql\u0259r edir. M\u0259lumata g\u00f6r\u0259, m\u0259\u015fqd\u0259 y\u00fcks\u0259k temp n\u00fcmayi\u015f etdir\u0259n Arda, \u0259sas hey\u0259td\u0259 oynama\u011fa haz\u0131r oldu\u011fu mesaj\u0131n\u0131 verib. Bildirilir ki, M\u0259\u015fqd\u0259 oynad\u0131\u011f\u0131 mat\u00e7da \u00f6t\u00fcrm\u0259 ald\u0131qdan sonra h\u0259r\u0259k\u0259t\u0259 ke\u00e7\u0259n Arda topla driblinq ed\u0259r\u0259k iki m\u00fcdafi\u0259\u00e7ini m\u00fcbariz\u0259d\u0259n k\u0259narla\u015fd\u0131r\u0131b v\u0259 sol &hellip;<\/p>\n","protected":false},"author":1,"featured_media":1375,"comment_status":"open","ping_status":"closed","sticky":false,"template":"","format":"standard","meta":{"footnotes":""},"categories":[9],"tags":[],"class_list":["post-1374","post","type-post","status-publish","format-standard","has-post-thumbnail","hentry","category-xeber"],"_links":{"self":[{"href":"https:\/\/millitv.net\/index.php?rest_route=\/wp\/v2\/posts\/1374","targetHints":{"allow":["GET"]}}],"collection":[{"href":"https:\/\/millitv.net\/index.php?rest_route=\/wp\/v2\/posts"}],"about":[{"href":"https:\/\/millitv.net\/index.php?rest_route=\/wp\/v2\/types\/post"}],"author":[{"embeddable":true,"href":"https:\/\/millitv.net\/index.php?rest_route=\/wp\/v2\/users\/1"}],"replies":[{"embeddable":true,"href":"https:\/\/millitv.net\/index.php?rest_route=%2Fwp%2Fv2%2Fcomments&post=1374"}],"version-history":[{"count":0,"href":"https:\/\/millitv.net\/index.php?rest_route=\/wp\/v2\/posts\/1374\/revisions"}],"wp:featuredmedia":[{"embeddable":true,"href":"https:\/\/millitv.net\/index.php?rest_route=\/wp\/v2\/media\/1375"}],"wp:attachment":[{"href":"https:\/\/millitv.net\/index.php?rest_route=%2Fwp%2Fv2%2Fmedia&parent=1374"}],"wp:term":[{"taxonomy":"category","embeddable":true,"href":"https:\/\/millitv.net\/index.php?rest_route=%2Fwp%2Fv2%2Fcategories&post=1374"},{"taxonomy":"post_tag","embeddable":true,"href":"https:\/\/millitv.net\/index.php?rest_route=%2Fwp%2Fv2%2Ftags&post=1374"}],"curies":[{"name":"wp","href":"https:\/\/api.w.org\/{rel}","templated":true}]}}