{"id":13708,"date":"2024-07-12T05:08:00","date_gmt":"2024-07-12T05:08:00","guid":{"rendered":"https:\/\/millitv.net\/?p=13708"},"modified":"2024-07-13T06:24:44","modified_gmt":"2024-07-13T06:24:44","slug":"onun-ucuncu-arvadiyam-af%C9%99tin-h%C9%99yat-yoldasi-gorun-kim-imis-video","status":"publish","type":"post","link":"https:\/\/millitv.net\/?p=13708","title":{"rendered":"&#8220;Onun \u00fc\u00e7\u00fcnc\u00fc arvad\u0131yam&#8221; &#8211; Af\u0259tin h\u0259yat yolda\u015f\u0131 g\u00f6r\u00fcn kim imi\u015f &#8211; V\u0130DEO"},"content":{"rendered":"\n<p>M\u00fc\u011f\u0259nni Af\u0259t F\u0259rmanq\u0131z\u0131 &#8220;Ay Zaur&#8221; proqram\u0131nda diqq\u0259t\u00e7\u0259k\u0259n a\u00e7\u0131qlamalar verib. O haz\u0131rk\u0131 h\u0259yat yolda\u015f\u0131n\u0131n \u00fc\u00e7\u00fcnc\u00fc arvad\u0131 oldu\u011funu etiraf edib. M\u00fc\u011f\u0259nni h\u0259yat yolda\u015f\u0131n\u0131n ad\u0131n\u0131n Mamed oldu\u011funu qeyd edib. Apar\u0131c\u0131 Zaur qeyd edib ki, m\u00fc\u011f\u0259nninin h\u0259yat yolda\u015f\u0131 G\u00fcrc\u00fcstandand\u0131r.<\/p>\n\n\n\n<figure class=\"wp-block-embed is-type-rich is-provider-g-mme-tutucu wp-block-embed-g-mme-tutucu wp-embed-aspect-16-9 wp-has-aspect-ratio\"><div class=\"wp-block-embed__wrapper\">\n<iframe loading=\"lazy\" title=\"Ay Zaur | Af\u0259t F\u0259rmanq\u0131z\u0131 h\u0259yat yolda\u015f\u0131ndan dan\u0131\u015fd\u0131 | M\u0259nd\u0259n \u0259vv\u0259l 2 d\u0259f\u0259 evli olub\" width=\"500\" height=\"281\" src=\"https:\/\/www.youtube.com\/embed\/tGmbpYx6Qc8?feature=oembed\" frameborder=\"0\" allow=\"accelerometer; autoplay; clipboard-write; encrypted-media; gyroscope; picture-in-picture; web-share\" referrerpolicy=\"strict-origin-when-cross-origin\" allowfullscreen><\/iframe>\n<\/div><\/figure>\n","protected":false},"excerpt":{"rendered":"<p>M\u00fc\u011f\u0259nni Af\u0259t F\u0259rmanq\u0131z\u0131 &#8220;Ay Zaur&#8221; proqram\u0131nda diqq\u0259t\u00e7\u0259k\u0259n a\u00e7\u0131qlamalar verib. O haz\u0131rk\u0131 h\u0259yat yolda\u015f\u0131n\u0131n \u00fc\u00e7\u00fcnc\u00fc arvad\u0131 oldu\u011funu etiraf edib. M\u00fc\u011f\u0259nni h\u0259yat yolda\u015f\u0131n\u0131n ad\u0131n\u0131n Mamed oldu\u011funu qeyd edib. Apar\u0131c\u0131 Zaur qeyd edib ki, m\u00fc\u011f\u0259nninin h\u0259yat yolda\u015f\u0131 G\u00fcrc\u00fcstandand\u0131r.<\/p>\n","protected":false},"author":1,"featured_media":13710,"comment_status":"open","ping_status":"closed","sticky":false,"template":"","format":"standard","meta":{"footnotes":""},"categories":[6,3],"tags":[],"class_list":["post-13708","post","type-post","status-publish","format-standard","has-post-thumbnail","hentry","category-maqazin","category-olke"],"_links":{"self":[{"href":"https:\/\/millitv.net\/index.php?rest_route=\/wp\/v2\/posts\/13708","targetHints":{"allow":["GET"]}}],"collection":[{"href":"https:\/\/millitv.net\/index.php?rest_route=\/wp\/v2\/posts"}],"about":[{"href":"https:\/\/millitv.net\/index.php?rest_route=\/wp\/v2\/types\/post"}],"author":[{"embeddable":true,"href":"https:\/\/millitv.net\/index.php?rest_route=\/wp\/v2\/users\/1"}],"replies":[{"embeddable":true,"href":"https:\/\/millitv.net\/index.php?rest_route=%2Fwp%2Fv2%2Fcomments&post=13708"}],"version-history":[{"count":1,"href":"https:\/\/millitv.net\/index.php?rest_route=\/wp\/v2\/posts\/13708\/revisions"}],"predecessor-version":[{"id":13712,"href":"https:\/\/millitv.net\/index.php?rest_route=\/wp\/v2\/posts\/13708\/revisions\/13712"}],"wp:featuredmedia":[{"embeddable":true,"href":"https:\/\/millitv.net\/index.php?rest_route=\/wp\/v2\/media\/13710"}],"wp:attachment":[{"href":"https:\/\/millitv.net\/index.php?rest_route=%2Fwp%2Fv2%2Fmedia&parent=13708"}],"wp:term":[{"taxonomy":"category","embeddable":true,"href":"https:\/\/millitv.net\/index.php?rest_route=%2Fwp%2Fv2%2Fcategories&post=13708"},{"taxonomy":"post_tag","embeddable":true,"href":"https:\/\/millitv.net\/index.php?rest_route=%2Fwp%2Fv2%2Ftags&post=13708"}],"curies":[{"name":"wp","href":"https:\/\/api.w.org\/{rel}","templated":true}]}}