{"id":1358,"date":"2023-10-13T05:26:47","date_gmt":"2023-10-13T05:26:47","guid":{"rendered":"https:\/\/millinews.az\/xeber\/karyerasini-bitir%C9%99n-hazarda-bu-klubdan-inanilmaz-t%C9%99klif\/"},"modified":"2023-10-13T05:26:47","modified_gmt":"2023-10-13T05:26:47","slug":"karyerasini-bitir%C9%99n-hazarda-bu-klubdan-inanilmaz-t%C9%99klif","status":"publish","type":"post","link":"https:\/\/millitv.net\/?p=1358","title":{"rendered":"Karyeras\u0131n\u0131 bitir\u0259n Hazarda bu klubdan inan\u0131lmaz t\u0259klif"},"content":{"rendered":"<div id=\"maincontent\">&#13;<br \/>\n        &#13;<\/p>\n<p><strong>P<\/strong><strong>e\u015f\u0259kar futbol\u00e7u karyeras\u0131n\u0131 bitirdiyini a\u00e7\u0131qlayan Eden Hazard yenid\u0259n futbola qay\u0131da bil\u0259r. <\/strong>&#13;\n<\/p>\n<p><a href=\"https:\/\/Millinews.az\" target=\"_blank\" class=\"kw-link\" rel=\"noopener\">Millinews.az<\/a> x\u0259b\u0259r verir ki, bu bar\u0259d\u0259 &#8220;Vest Hem Yunayted&#8221;in k\u00f6m\u0259k\u00e7i m\u0259\u015fq\u00e7isi Kevin Nolan a\u00e7\u0131qlama verib. O bel\u00e7ikal\u0131 ulduzun yenid\u0259n futbola qay\u0131da bil\u0259c\u0259yini bildirib. Nolan Hazard\u0131n &#8220;Vest Hem Yunayted&#8221;\u0259 transfer olmas\u0131n\u0131 ist\u0259yib.  <\/p>\n<p>\u201cO, g\u0259lib c\u0259hd etm\u0259k ist\u0259s\u0259, m\u0259n d\u0259 raz\u0131 olaram. Ba\u015f m\u0259\u015fq\u00e7i David Moyesin n\u0259 d\u00fc\u015f\u00fcn\u0259c\u0259yini bilmir\u0259m, amma c\u0259hd etm\u0259k ist\u0259rdim. Onun 32 ya\u015f\u0131nda t\u0259qa\u00fcd\u0259 \u00e7\u0131xmaq q\u0259rar\u0131na g\u0259lm\u0259si t\u0259\u0259cc\u00fcbl\u00fcd\u00fcr. D\u00fcz\u00fcn\u00fc des\u0259m, onun keyfiyy\u0259tin\u0259 malik birisi daha uzun ill\u0259r y\u00fcks\u0259k s\u0259viyy\u0259d\u0259 oynaya bil\u0259rdi  <\/p>\n<p>Hazarda futbolu t\u0259rk ed\u0259n, lakin sonradan geri qay\u0131dan Pol Skoulzu misal \u00e7\u0259k\u0259n Nolan &#8220;Ona Ser Aleks Ferqyusondan z\u0259ng g\u0259ldi v\u0259 &#8220;B\u0259li, qay\u0131daca\u011fam&#8221; dedi. M\u0259nc\u0259, bel\u0259 bir Hazard il\u0259 d\u0259 bir \u015fey ola bil\u0259r&#8221; dey\u0259 bildirib. <strong\/>&#13;<br \/>\n        &#13;<br \/>\n&#13;<br \/>\n        &#13;<br \/>\n&#13;\n        <\/p>\n<p><noscript><\/p>\n<p>You must enable Javascript on your browser for the site to work optimally and display sections completely.<\/p>\n<p><\/noscript>\t\t&#13;<br \/>\n\t\t&#13;\n    <\/div>\n<p><script type=\"text\/javascript\">jQuery(document).ready(function () {\n(function(d, s, id) {\n    var js, fjs = d.getElementsByTagName(s)[0];\n    if (d.getElementById(id))\n        return;\n    js = d.createElement(s);\n    js.id = id;\n    js.src = \"\/\/connect.facebook.net\/az_AZ\/all.js#xfbml=1&appId=1002485763137712\";\n    fjs.parentNode.insertBefore(js, fjs);\n}(document, 'script', 'facebook-jssdk'));                \n});<\/script><\/p>\n","protected":false},"excerpt":{"rendered":"<p>&#13; &#13; Pe\u015f\u0259kar futbol\u00e7u karyeras\u0131n\u0131 bitirdiyini a\u00e7\u0131qlayan Eden Hazard yenid\u0259n futbola qay\u0131da bil\u0259r. &#13; Millinews.az x\u0259b\u0259r verir ki, bu bar\u0259d\u0259 &#8220;Vest Hem Yunayted&#8221;in k\u00f6m\u0259k\u00e7i m\u0259\u015fq\u00e7isi Kevin Nolan a\u00e7\u0131qlama verib. O bel\u00e7ikal\u0131 ulduzun yenid\u0259n futbola qay\u0131da bil\u0259c\u0259yini bildirib. Nolan Hazard\u0131n &#8220;Vest Hem Yunayted&#8221;\u0259 transfer olmas\u0131n\u0131 ist\u0259yib. \u201cO, g\u0259lib c\u0259hd etm\u0259k ist\u0259s\u0259, m\u0259n d\u0259 raz\u0131 olaram. Ba\u015f &hellip;<\/p>\n","protected":false},"author":1,"featured_media":1359,"comment_status":"open","ping_status":"closed","sticky":false,"template":"","format":"standard","meta":{"footnotes":""},"categories":[9],"tags":[],"class_list":["post-1358","post","type-post","status-publish","format-standard","has-post-thumbnail","hentry","category-xeber"],"_links":{"self":[{"href":"https:\/\/millitv.net\/index.php?rest_route=\/wp\/v2\/posts\/1358","targetHints":{"allow":["GET"]}}],"collection":[{"href":"https:\/\/millitv.net\/index.php?rest_route=\/wp\/v2\/posts"}],"about":[{"href":"https:\/\/millitv.net\/index.php?rest_route=\/wp\/v2\/types\/post"}],"author":[{"embeddable":true,"href":"https:\/\/millitv.net\/index.php?rest_route=\/wp\/v2\/users\/1"}],"replies":[{"embeddable":true,"href":"https:\/\/millitv.net\/index.php?rest_route=%2Fwp%2Fv2%2Fcomments&post=1358"}],"version-history":[{"count":0,"href":"https:\/\/millitv.net\/index.php?rest_route=\/wp\/v2\/posts\/1358\/revisions"}],"wp:featuredmedia":[{"embeddable":true,"href":"https:\/\/millitv.net\/index.php?rest_route=\/wp\/v2\/media\/1359"}],"wp:attachment":[{"href":"https:\/\/millitv.net\/index.php?rest_route=%2Fwp%2Fv2%2Fmedia&parent=1358"}],"wp:term":[{"taxonomy":"category","embeddable":true,"href":"https:\/\/millitv.net\/index.php?rest_route=%2Fwp%2Fv2%2Fcategories&post=1358"},{"taxonomy":"post_tag","embeddable":true,"href":"https:\/\/millitv.net\/index.php?rest_route=%2Fwp%2Fv2%2Ftags&post=1358"}],"curies":[{"name":"wp","href":"https:\/\/api.w.org\/{rel}","templated":true}]}}