{"id":13574,"date":"2024-08-15T06:07:00","date_gmt":"2024-08-15T06:07:00","guid":{"rendered":"https:\/\/millitv.net\/?p=13574"},"modified":"2024-08-21T05:21:13","modified_gmt":"2024-08-21T05:21:13","slug":"3-ild%C9%99n-5-ild%C9%99n-bir-ail%C9%99-qururam-az%C9%99rbaycanli-mug%C9%99nnid%C9%99n-sok-aciqlama-foto","status":"publish","type":"post","link":"https:\/\/millitv.net\/?p=13574","title":{"rendered":"&#8220;3 ild\u0259n, 5 ild\u0259n bir ki\u015fi il\u0259&#8230;&#8221; &#8211; Az\u0259rbaycanl\u0131 m\u00fc\u011f\u0259nnid\u0259n \u015eOK A\u00c7IQLAMA &#8211; FOTO"},"content":{"rendered":"\n<p>&#8220;Dedil\u0259r Sevinc A\u011fa\u015firinova ail\u0259 qurub, \u0130stanbulda ya\u015fay\u0131r&#8221;.<\/p>\n\n\n\n<p>Bunu apar\u0131c\u0131 Ayt\u0259kin verli\u015finin qona\u011f\u0131 olan Sevinc\u0259 bildirib.<\/p>\n\n\n\n<p>Onun yar\u0131 zarafat-yar\u0131 ger\u00e7\u0259k cavab\u0131 is\u0259 bir xeyli maraql\u0131 al\u0131n\u0131b:<\/p>\n\n\n\n<p>&#8220;Sevinc onsuz da h\u0259r 3 ild\u0259n, 5 ild\u0259n bir ai\u0131l\u0259 qurur da. \u0130ndi ail\u0259li deyil\u0259m&#8221;. \/\u00a0Titul.az<\/p>\n\n\n\n<figure class=\"wp-block-image size-full\"><img loading=\"lazy\" decoding=\"async\" width=\"668\" height=\"547\" src=\"https:\/\/millitv.net\/wp-content\/uploads\/2024\/07\/sa_11719777590.jpg\" alt=\"\" class=\"wp-image-13575\" title=\"\" srcset=\"https:\/\/millitv.net\/wp-content\/uploads\/2024\/07\/sa_11719777590.jpg 668w, https:\/\/millitv.net\/wp-content\/uploads\/2024\/07\/sa_11719777590-300x246.jpg 300w\" sizes=\"auto, (max-width: 668px) 100vw, 668px\" \/><\/figure>\n\n\n\n<figure class=\"wp-block-image\"><img decoding=\"async\" src=\"https:\/\/show.az\/uploads\/image\/original\/2024-04\/6612726c5ec7f202404241612.jpg\" alt=\"\" title=\"\"><\/figure>\n\n\n\n<figure class=\"wp-block-image\"><img decoding=\"async\" src=\"https:\/\/show.az\/uploads\/image\/original\/2024-04\/6612726e52624202404241614.jpg\" alt=\"\" title=\"\"><\/figure>\n","protected":false},"excerpt":{"rendered":"<p>&#8220;Dedil\u0259r Sevinc A\u011fa\u015firinova ail\u0259 qurub, \u0130stanbulda ya\u015fay\u0131r&#8221;. Bunu apar\u0131c\u0131 Ayt\u0259kin verli\u015finin qona\u011f\u0131 olan Sevinc\u0259 bildirib. Onun yar\u0131 zarafat-yar\u0131 ger\u00e7\u0259k cavab\u0131 is\u0259 bir xeyli maraql\u0131 al\u0131n\u0131b: &#8220;Sevinc onsuz da h\u0259r 3 ild\u0259n, 5 ild\u0259n bir ai\u0131l\u0259 qurur da. \u0130ndi ail\u0259li deyil\u0259m&#8221;. \/\u00a0Titul.az<\/p>\n","protected":false},"author":1,"featured_media":13576,"comment_status":"open","ping_status":"closed","sticky":false,"template":"","format":"standard","meta":{"footnotes":""},"categories":[6,8,3],"tags":[],"class_list":["post-13574","post","type-post","status-publish","format-standard","has-post-thumbnail","hentry","category-maqazin","category-maraqli","category-olke"],"_links":{"self":[{"href":"https:\/\/millitv.net\/index.php?rest_route=\/wp\/v2\/posts\/13574","targetHints":{"allow":["GET"]}}],"collection":[{"href":"https:\/\/millitv.net\/index.php?rest_route=\/wp\/v2\/posts"}],"about":[{"href":"https:\/\/millitv.net\/index.php?rest_route=\/wp\/v2\/types\/post"}],"author":[{"embeddable":true,"href":"https:\/\/millitv.net\/index.php?rest_route=\/wp\/v2\/users\/1"}],"replies":[{"embeddable":true,"href":"https:\/\/millitv.net\/index.php?rest_route=%2Fwp%2Fv2%2Fcomments&post=13574"}],"version-history":[{"count":2,"href":"https:\/\/millitv.net\/index.php?rest_route=\/wp\/v2\/posts\/13574\/revisions"}],"predecessor-version":[{"id":14597,"href":"https:\/\/millitv.net\/index.php?rest_route=\/wp\/v2\/posts\/13574\/revisions\/14597"}],"wp:featuredmedia":[{"embeddable":true,"href":"https:\/\/millitv.net\/index.php?rest_route=\/wp\/v2\/media\/13576"}],"wp:attachment":[{"href":"https:\/\/millitv.net\/index.php?rest_route=%2Fwp%2Fv2%2Fmedia&parent=13574"}],"wp:term":[{"taxonomy":"category","embeddable":true,"href":"https:\/\/millitv.net\/index.php?rest_route=%2Fwp%2Fv2%2Fcategories&post=13574"},{"taxonomy":"post_tag","embeddable":true,"href":"https:\/\/millitv.net\/index.php?rest_route=%2Fwp%2Fv2%2Ftags&post=13574"}],"curies":[{"name":"wp","href":"https:\/\/api.w.org\/{rel}","templated":true}]}}