{"id":13545,"date":"2024-07-08T06:02:00","date_gmt":"2024-07-08T06:02:00","guid":{"rendered":"https:\/\/millitv.net\/?p=13545"},"modified":"2024-07-10T03:34:53","modified_gmt":"2024-07-10T03:34:53","slug":"erind%C9%99n-bosanmamis-musa-ail%C9%99-qurubmus-sok-fakt-uz%C9%99-cixdi-foto","status":"publish","type":"post","link":"https:\/\/millitv.net\/?p=13545","title":{"rendered":"\u018frind\u0259n bo\u015fanmam\u0131\u015f Musa ail\u0259 qurubmu\u015f &#8211; \u015eok fakt \u00fcz\u0259 \u00e7\u0131xd\u0131 &#8211; FOTO"},"content":{"rendered":"\n<p>M\u00fc\u011f\u0259nni T\u0259ran\u0259 Qumral haqq\u0131nda maraql\u0131 faktlar\u0131 t\u0259qdim edirik.<\/p>\n\n\n\n<p>T\u0259ran\u0259 Xeyrulla q\u0131z\u0131 Qumral (\u0130brahimova) 17 oktyabr 1966-c\u0131 ild\u0259 Z\u0259ngilan rayonunda anadan olub. Ail\u0259d\u0259 \u00fc\u00e7 bac\u0131, iki qarda\u015f olublar. T\u0259ran\u0259nin 5 ya\u015f\u0131 olanda, anas\u0131 a\u011f\u0131r x\u0259st\u0259likd\u0259n d\u00fcnyas\u0131n\u0131 d\u0259yi\u015fib. D\u0259mir yolu idar\u0259sind\u0259 i\u015fl\u0259y\u0259n atas\u0131 is\u0259 ikinci d\u0259f\u0259 ail\u0259 qurmay\u0131b.Anas\u0131zl\u0131\u011f\u0131n \u0259ziyy\u0259tini \u00e7ox \u00e7\u0259k\u0259n T\u0259ran\u0259 m\u00fcsahib\u0259l\u0259rinin birind\u0259 o g\u00fcnl\u0259ri xat\u0131rlayark\u0259n deyir:<\/p>\n\n\n\n<p>\u201cB\u00f6y\u00fck bac\u0131m anam\u0131n \u015f\u0259kill\u0259rini he\u00e7 vaxt biz\u0259 verm\u0259di. O, \u015f\u0259kill\u0259rin ham\u0131s\u0131n\u0131 y\u0131\u011f\u0131b gizl\u0259tmi\u015fdi ki, biz g\u00f6r\u00fcb pis olmayaq. Atam i\u015fd\u0259 olanda, gec\u0259l\u0259r el\u0259 qorxurdum ki. B\u0259z\u0259n ya\u011f\u0131\u015f ya\u011f\u0131b, g\u00f6y guruldayanda, qa\u00e7\u0131b stolun alt\u0131na gir\u0259rdik. M\u0259kt\u0259b\u0259 ged\u0259rk\u0259n anal\u0131 q\u0131zlara bax\u0131b k\u00f6ks \u00f6t\u00fcr\u0259rdim. D\u00fc\u015f\u00fcn\u00fcrd\u00fcm ki, m\u0259nim d\u0259 anam olsa, sa\u00e7lar\u0131m\u0131 s\u0259liq\u0259 il\u0259 daray\u0131b y\u0131\u011fard\u0131\u201d.<\/p>\n\n\n\n<figure class=\"wp-block-image\"><img decoding=\"async\" src=\"https:\/\/MilliTv.NET\/uploads\/1\/4e2ec7ce71-hqdefault-21700724406.jpg\" alt=\"\" title=\"\"><\/figure>\n\n\n\n<p>***<\/p>\n\n\n\n<p>Birinci Qaraba\u011f m\u00fcharib\u0259sinin \u0259n \u015fidd\u0259tli vaxtlar\u0131nda T\u0259ran\u0259nin qarda\u015f\u0131 Firdovsi M\u0259mm\u0259dov m\u00fcharib\u0259y\u0259 yollan\u0131r. Bir m\u00fcdd\u0259t sonra is\u0259 qarda\u015f\u0131n\u0131n c\u0259bh\u0259d\u0259 \u015f\u0259hid olma x\u0259b\u0259ri T\u0259ran\u0259gilin ail\u0259sini yasa q\u0259rq edir.<\/p>\n\n\n\n<p>***<\/p>\n\n\n\n<p>29 oktyabr 1993-c\u00fc ild\u0259 T\u0259ran\u0259nin do\u011fulub b\u00f6y\u00fcd\u00fcy\u00fc Z\u0259ngilan rayonu d\u00fc\u015fm\u0259n t\u0259r\u0259find\u0259n i\u015f\u011fal olunur. 27 ya\u015fl\u0131 T\u0259ran\u0259 ail\u0259si il\u0259 birg\u0259 qa\u00e7q\u0131n\u00e7\u0131l\u0131q taleyi ya\u015fay\u0131r.<\/p>\n\n\n\n<figure class=\"wp-block-image\"><img decoding=\"async\" src=\"https:\/\/MilliTv.NET\/uploads\/1\/538efaa26c-736780011700724461.jpg\" alt=\"\" title=\"\"><\/figure>\n\n\n\n<p>**<\/p>\n\n\n\n<p>T\u0259ran\u0259 Qumral \u00e7ox erk\u0259n ya\u015fda ixtisasca h\u0259rb\u00e7i olan bir b\u0259yl\u0259 ail\u0259 qurub. Bu evlilikd\u0259n onun Qumral v\u0259 Fidan adl\u0131 iki q\u0131z \u00f6vlad\u0131 olur. Ancaq i\u015f el\u0259 g\u0259tirir ki, T\u0259ran\u0259 Almaniyada ya\u015fayan \u0259rind\u0259n ayr\u0131lmam\u0131\u015f, tan\u0131nm\u0131\u015f m\u00fc\u011f\u0259nni Musa Musayevl\u0259 ail\u0259 h\u0259yat\u0131 qurur. Bu nikahdan is\u0259 onlar\u0131n Sevgim adl\u0131 q\u0131zlar\u0131 d\u00fcnyaya g\u0259lir. Musa Musayev xalas\u0131 q\u0131z\u0131 il\u0259 evli olub. T\u0259ran\u0259 il\u0259 evl\u0259n\u0259nd\u0259n sonra ondan ayr\u0131ld\u0131\u011f\u0131 \u00fc\u00e7\u00fcn Musan\u0131n anas\u0131 v\u0259 qarda\u015flar\u0131 he\u00e7 vaxt Musa v\u0259 T\u0259ran\u0259 il\u0259 dan\u0131\u015fmay\u0131blar.<\/p>\n\n\n\n<p>***<\/p>\n\n\n\n<p>T\u0259ran\u0259 v\u0259 Musan\u0131n xeyli duetl\u0259ri var: \u201cS\u0259nsiz\u201d, \u201cYar\u0131m\u201d, \u201cSev\u0259nl\u0259r incim\u0259sin\u201d, \u201cSevgimiz\u0259 g\u00f6z d\u0259y\u0259r\u201d, \u201cDil\u0259rs\u0259nmi\u201d, \u201cDa\u011flara ged\u0259k\u201d, \u201cQoy, d\u00fcnya bilsin\u201d v\u0259 sair.<\/p>\n\n\n\n<figure class=\"wp-block-image\"><img decoding=\"async\" src=\"https:\/\/MilliTv.NET\/uploads\/1\/e80a0113a1-ggggggggggggggggggggg1700724493.png\" alt=\"\" title=\"\"><\/figure>\n\n\n\n<p>***<\/p>\n\n\n\n<p>T\u0259ran\u0259 Musan\u0131n spirtli i\u00e7kil\u0259ri t\u0259rgitm\u0259si \u00fc\u00e7\u00fcn \u00e7ox f\u0259dakarl\u0131qlar edib. S\u00f6y\u00fc\u015fc\u00fcl v\u0259 q\u0131sqanc olan Musa Musayev h\u0259tta bir ne\u00e7\u0259 d\u0259f\u0259 T\u0259ran\u0259 xan\u0131m\u0131 d\u00f6y\u00fcb.<\/p>\n\n\n\n<figure class=\"wp-block-image\"><img decoding=\"async\" src=\"https:\/\/MilliTv.NET\/uploads\/1\/644174bc07-240827662xhhbj71700724642.jpg\" alt=\"\" title=\"\"><\/figure>\n\n\n\n<p>***<\/p>\n\n\n\n<p>2013-c\u00fc ild\u0259 T\u0259ran\u0259 v\u0259 Musa c\u00fctl\u00fcy\u00fc il\u0259 ba\u011fl\u0131 qalmaqall\u0131 x\u0259b\u0259rl\u0259r s\u0259ngim\u0259k bilmir. Bel\u0259 ki, Musa evind\u0259 ba\u015fqa bir ki\u015finin oldu\u011funu iddia edir. T\u0259ran\u0259 is\u0259 deyil\u0259nl\u0259ri inkar ed\u0259r\u0259k Musadan bo\u015fand\u0131\u011f\u0131n\u0131 a\u00e7\u0131qlay\u0131r:<\/p>\n\n\n\n<p>\u201cMusadan bo\u015fanma\u011f\u0131m\u0131n \u0259sl s\u0259b\u0259bi, onun k\u00fclli miqdarda borcunun olmas\u0131 idi. Adam\u0131n n\u0259 q\u0259d\u0259r borcu olar? Borc \u00f6d\u0259m\u0259kd\u0259n yorulmu\u015fdum. Musa x\u0259st\u0259 v\u0259 psixi probleml\u0259ri olan insand\u0131r. Onun dedikl\u0259rini ciddiy\u0259 almay\u0131n. M\u0259n ondan 3 il \u00f6nc\u0259 bo\u015fanm\u0131\u015fam. Amma Musa m\u0259nim qanunla h\u0259yat yolda\u015f\u0131m olub. Bo\u015fanma s\u0259b\u0259bim is\u0259 borc pul \u00fcst\u0259 olub. Onun &#8220;Rang-Roveri\u201d girovdad\u0131r. \u00c7\u00fcnki borclar\u0131 ba\u015f\u0131ndan a\u015f\u0131b-da\u015f\u0131r. \u018fg\u0259r o m\u0259ni a\u015fnam il\u0259 tutmu\u015fdusa, niy\u0259 h\u0259r ikimizi el\u0259 qon\u015fudaca \u00f6ld\u00fcrm\u0259yib?! Musa m\u0259ni onla birg\u0259 ya\u015famaq ist\u0259m\u0259diyim \u00fc\u00e7\u00fcn d\u00f6y\u00fcb, amma t\u00fcf\u0259ngl\u0259 vurmaq ist\u0259m\u0259yib. O, m\u0259ni \u00e7oxdan \u015fantaj edirdi ki, ondan ayr\u0131lsam m\u0259ni biab\u0131r ed\u0259c\u0259k\u201d.<\/p>\n\n\n\n<figure class=\"wp-block-image\"><img decoding=\"async\" src=\"https:\/\/MilliTv.NET\/uploads\/1\/9f78274a82-http958613560bpicturespicture1815671700724529.jpg\" alt=\"\" title=\"\"><\/figure>\n\n\n\n<p>***<\/p>\n\n\n\n<p>M\u00fc\u011f\u0259nninin h\u0259mkar\u0131 Naz\u0259ninl\u0259 ill\u0259rl\u0259 davam ed\u0259n davas\u0131 m\u0259hk\u0259m\u0259y\u0259 q\u0259d\u0259r gedib.<br>M\u00fc\u011f\u0259nni T\u0259ran\u0259 Qumral bu d\u0259f\u0259 Naz\u0259ninin h\u0259yat yolda\u015f\u0131 M\u0259h\u0259bb\u0259t H\u0259s\u0259novla m\u0259hk\u0259m\u0259lik olub. T\u0259ran\u0259 Qumral Naz\u0259nini onun h\u0259yat yolda\u015f\u0131 Musa Musayevl\u0259 m\u00fcnasib\u0259td\u0259 olmaqda g\u00fcnahland\u0131rm\u0131\u015fd\u0131. Proqramda ya\u015fanan qalmaqaldan sonra s\u0259n\u0259t\u00e7il\u0259r m\u0259hk\u0259m\u0259lik olur. Ara\u015fd\u0131rma zaman\u0131 s\u00fcbut olunmu\u015fdu ki, T\u0259ran\u0259 Qumral\u0131n Naz\u0259ninin h\u0259yat yolda\u015f\u0131 M\u0259h\u0259bb\u0259t H\u0259s\u0259novla m\u00fcnasib\u0259ti olub. Hadis\u0259d\u0259n sonra Qumral h\u0259mkar\u0131n\u0131n h\u0259yat yolda\u015f\u0131 M\u0259h\u0259bb\u0259tin fotosunu sosial \u015f\u0259b\u0259k\u0259d\u0259 payla\u015f\u0131b v\u0259 onun \u00fcnvan\u0131na t\u0259hqiramiz s\u00f6zl\u0259r yaz\u0131b. Naz\u0259ninin \u0259ri bundan sonra m\u0259hk\u0259m\u0259y\u0259 m\u00fcraci\u0259t ed\u0259r\u0259k T\u0259ran\u0259 Qumral\u0131n t\u0259kzib verm\u0259sini v\u0259 100.000 manat pul \u00f6d\u0259m\u0259sini t\u0259l\u0259b edib. Naz\u0259ninin \u0259ri bildirib ki, ilk m\u0259hk\u0259m\u0259 prosesi N\u0259rimanov Rayon M\u0259hk\u0259m\u0259sind\u0259 ke\u00e7irilib.<\/p>\n\n\n\n<p>\u201cH\u0259r zaman susmu\u015fam. H\u0259yat yolda\u015f\u0131m t\u0259hqir olunandan sonra dan\u0131\u015fma\u011fa q\u0259rar verdim. Naz\u0259ninin arxas\u0131nda m\u0259nim kimi \u0259ri var, onun t\u0259hqir olunma\u011f\u0131na imkan verm\u0259r\u0259m. T\u0259ran\u0259 il\u0259 intim m\u00fcnasib\u0259tim olub. Bunu m\u0259hk\u0259m\u0259d\u0259 s\u00fcbut etmi\u015fik. T\u0259ran\u0259nin intim mesajlar\u0131n\u0131 telefonumda h\u0259l\u0259 d\u0259 saxlam\u0131\u015fam. M\u0259hk\u0259m\u0259 prosesi iki t\u0259r\u0259fin d\u0259 \u015f\u0259xsi h\u0259yat\u0131n\u0131 \u0259hat\u0259 etdiyi \u00fc\u00e7\u00fcn qapal\u0131 ke\u00e7irilmi\u015fdi. Mobil operatorlar\u0131n anten dair\u0259sind\u0259n \u0259ld\u0259 olunan m\u0259lumatlarda T\u0259ran\u0259 Qumral\u0131n yazd\u0131\u011f\u0131 mesajlar da \u00fcz\u0259 \u00e7\u0131xar\u0131lm\u0131\u015fd\u0131. Bir daha qeyd edir\u0259m ki, T\u0259ran\u0259 m\u0259nim m\u0259\u015fuq\u0259m olub. Ona sual verir\u0259m ki, Musa Musayev h\u0259l\u0259 d\u0259 bunlara g\u00f6z yumur?\u201d.<\/p>\n\n\n\n<figure class=\"wp-block-image\"><img decoding=\"async\" src=\"https:\/\/MilliTv.NET\/uploads\/1\/0442e150ad-teranemusa111020171221514151700724562.jpg\" alt=\"\" title=\"\"><\/figure>\n\n\n\n<p>***<\/p>\n\n\n\n<p>M\u0259hk\u0259m\u0259nin q\u0259rar\u0131 il\u0259 T.Qumral N.Salayev, onun h\u0259yat yolda\u015f\u0131 M\u0259h\u0259bb\u0259t H\u0259s\u0259nov v\u0259 P\u0259rviz Abbasovdan \u00fczr ist\u0259m\u0259li, bar\u0259sind\u0259 dedikl\u0259rin\u0259 t\u0259kzib verm\u0259lidir. Lakin T.Qumral m\u0259hk\u0259m\u0259 q\u0259rarlar\u0131n\u0131 icra etm\u0259diyi \u00fc\u00e7\u00fcn bar\u0259sind\u0259 Cinay\u0259t M\u0259c\u0259ll\u0259sinin 306.1-ci (m\u0259hk\u0259m\u0259 q\u0259rar\u0131n\u0131 icra etm\u0259m\u0259) madd\u0259si il\u0259 cinay\u0259t i\u015fi ba\u015flan\u0131l\u0131b. Onu 3 il\u0259d\u0259k h\u0259bs olunmaq t\u0259hl\u00fck\u0259si g\u00f6zl\u0259yirmi\u015f:<\/p>\n\n\n\n<p>&#8220;H\u0259r i\u015f insan \u00fc\u00e7\u00fcnd\u00fcr. Ki\u015finin ba\u015f\u0131na i\u015f g\u0259l\u0259r. Qad\u0131n\u0131n h\u0259bs olunma\u011f\u0131 \u00e7ox pisdir. El\u0259 insanlar var ki, sifari\u015fl\u0259 kimis\u0259 h\u0259bs etdir\u0259 bilirl\u0259r. Kims\u0259 pul bas\u0131b m\u0259ni tutdura bil\u0259r, amma d\u00f6vl\u0259timiz, Az\u0259rbaycan xalq\u0131 humanist xalqd\u0131r. N\u0259 q\u0259d\u0259r ki, cinay\u0259t olmay\u0131bsa, qad\u0131n\u0131 h\u0259bs etmirl\u0259r. M\u0259n ilk n\u00f6vb\u0259d\u0259 \u015f\u0259hid bac\u0131s\u0131yam, atam \u015f\u0259hid atas\u0131d\u0131r. Bir qarda\u015f\u0131m vard\u0131, o da ham\u0131m\u0131z\u0131n u\u011frunda \u015f\u0259hid olub. M\u0259nim qarda\u015f\u0131m \u015f\u0259hid olmay\u0131b ki, hans\u0131sa bir k\u00fc\u00e7\u0259d\u0259n ke\u00e7\u0259n g\u0259lib pul bas\u0131b m\u0259ni tutdursun. Torpa\u011f\u0131m u\u011frunda bu g\u00fcn m\u0259n d\u0259 bayra\u011f\u0131m\u0131 \u00f6p\u00fcb vuru\u015faram&#8221;<em>.<\/em><\/p>\n\n\n\n<figure class=\"wp-block-image\"><img decoding=\"async\" src=\"https:\/\/MilliTv.NET\/uploads\/1\/213f9616cc-15744020661574398305129464321700724596.jpg\" alt=\"\" title=\"\"><\/figure>\n\n\n\n<p>***<br>T\u0259ran\u0259 Qumral\u0131n q\u0131z\u0131 Qumral anas\u0131 kimi m\u00fc\u011f\u0259nnilik f\u0259aliyy\u0259ti il\u0259 m\u0259\u015f\u011ful olur. Onun \u015f\u0259hid qarda\u015f\u0131n\u0131n q\u0131z\u0131 Canana da bir m\u00fcdd\u0259t r\u0259qqas\u0259lik edib. Ancaq 2021-ci ild\u0259 Canana bibisinin xeyir duas\u0131 il\u0259 ail\u0259 quraraq r\u0259qqas\u0259liyini dayand\u0131r\u0131b. \/ Kulis.az<\/p>\n","protected":false},"excerpt":{"rendered":"<p>M\u00fc\u011f\u0259nni T\u0259ran\u0259 Qumral haqq\u0131nda maraql\u0131 faktlar\u0131 t\u0259qdim edirik. T\u0259ran\u0259 Xeyrulla q\u0131z\u0131 Qumral (\u0130brahimova) 17 oktyabr 1966-c\u0131 ild\u0259 Z\u0259ngilan rayonunda anadan olub. Ail\u0259d\u0259 \u00fc\u00e7 bac\u0131, iki qarda\u015f olublar. T\u0259ran\u0259nin 5 ya\u015f\u0131 olanda, anas\u0131 a\u011f\u0131r x\u0259st\u0259likd\u0259n d\u00fcnyas\u0131n\u0131 d\u0259yi\u015fib. D\u0259mir yolu idar\u0259sind\u0259 i\u015fl\u0259y\u0259n atas\u0131 is\u0259 ikinci d\u0259f\u0259 ail\u0259 qurmay\u0131b.Anas\u0131zl\u0131\u011f\u0131n \u0259ziyy\u0259tini \u00e7ox \u00e7\u0259k\u0259n T\u0259ran\u0259 m\u00fcsahib\u0259l\u0259rinin birind\u0259 o g\u00fcnl\u0259ri xat\u0131rlayark\u0259n &hellip;<\/p>\n","protected":false},"author":1,"featured_media":13546,"comment_status":"open","ping_status":"closed","sticky":false,"template":"","format":"standard","meta":{"footnotes":""},"categories":[3],"tags":[],"class_list":["post-13545","post","type-post","status-publish","format-standard","has-post-thumbnail","hentry","category-olke"],"_links":{"self":[{"href":"https:\/\/millitv.net\/index.php?rest_route=\/wp\/v2\/posts\/13545","targetHints":{"allow":["GET"]}}],"collection":[{"href":"https:\/\/millitv.net\/index.php?rest_route=\/wp\/v2\/posts"}],"about":[{"href":"https:\/\/millitv.net\/index.php?rest_route=\/wp\/v2\/types\/post"}],"author":[{"embeddable":true,"href":"https:\/\/millitv.net\/index.php?rest_route=\/wp\/v2\/users\/1"}],"replies":[{"embeddable":true,"href":"https:\/\/millitv.net\/index.php?rest_route=%2Fwp%2Fv2%2Fcomments&post=13545"}],"version-history":[{"count":1,"href":"https:\/\/millitv.net\/index.php?rest_route=\/wp\/v2\/posts\/13545\/revisions"}],"predecessor-version":[{"id":13547,"href":"https:\/\/millitv.net\/index.php?rest_route=\/wp\/v2\/posts\/13545\/revisions\/13547"}],"wp:featuredmedia":[{"embeddable":true,"href":"https:\/\/millitv.net\/index.php?rest_route=\/wp\/v2\/media\/13546"}],"wp:attachment":[{"href":"https:\/\/millitv.net\/index.php?rest_route=%2Fwp%2Fv2%2Fmedia&parent=13545"}],"wp:term":[{"taxonomy":"category","embeddable":true,"href":"https:\/\/millitv.net\/index.php?rest_route=%2Fwp%2Fv2%2Fcategories&post=13545"},{"taxonomy":"post_tag","embeddable":true,"href":"https:\/\/millitv.net\/index.php?rest_route=%2Fwp%2Fv2%2Ftags&post=13545"}],"curies":[{"name":"wp","href":"https:\/\/api.w.org\/{rel}","templated":true}]}}