{"id":1344,"date":"2023-10-13T03:45:36","date_gmt":"2023-10-13T03:45:36","guid":{"rendered":"https:\/\/millinews.az\/xeber\/yurduna-qayidan-sakin-fuzuliy%C9%99-qayitmagim-ad-gunum%C9%99-h%C9%99diyy%C9%99-oldu\/"},"modified":"2023-10-13T03:45:36","modified_gmt":"2023-10-13T03:45:36","slug":"yurduna-qayidan-sakin-fuzuliy%C9%99-qayitmagim-ad-gunum%C9%99-h%C9%99diyy%C9%99-oldu","status":"publish","type":"post","link":"https:\/\/millitv.net\/?p=1344","title":{"rendered":"Yurduna qay\u0131dan sakin: \u201cF\u00fczuliy\u0259 qay\u0131tma\u011f\u0131m ad g\u00fcn\u00fcm\u0259 h\u0259diyy\u0259 oldu\u201d"},"content":{"rendered":"<p><img decoding=\"async\" src=\"https:\/\/cdn.oxu.az\/uploads\/W1siZiIsIjIwMjMvMTAvMTMvMDcvNDAvMDAvOGQwYTY2NTYtZjQ2Yi00MzY2LWFlNjYtNjFlOTRjN2YyZGNiLzJlY2UxZGQ0LWY4MDAtM2JlMC05YTRhLTE5YzYwOGNkMjRjOV84NTAuanBlZyJdLFsicCIsImVuY29kZSIsImpwZyIsIi1xdWFsaXR5IDgwIl0sWyJwIiwidGh1bWIiLCI2MjB4NDY1XHUwMDNlIl1d?sha=68ea56393dc57a0e\" alt=\"\" title=\"\"><\/p>\n<div>\n<p>\u201cBu g\u00fcn ikiqat sevinc i\u00e7ind\u0259y\u0259m. H\u0259m 73 ya\u015f\u0131m tamam olur, h\u0259m d\u0259 F\u00fczuliy\u0259 qay\u0131d\u0131ram. F\u00fczuliy\u0259 qay\u0131tma\u011f\u0131m ad g\u00fcn\u00fcm\u0259 h\u0259diyy\u0259 oldu\u201d.<\/p>\n<p>Bu s\u00f6zl\u0259ri F\u00fczuliy\u0259 qay\u0131dan Pa\u015fayeva Laura \u201cReport\u201da \u00f6z t\u0259\u0259ss\u00fcratlar\u0131n\u0131 b\u00f6l\u00fc\u015f\u0259r\u0259k deyib.<\/p>\n<p>42 ya\u015f\u0131 olanda do\u011fma yurdundan \u00e7\u0131xd\u0131\u011f\u0131n\u0131 dey\u0259n L. Pa\u015fayeva bildirib ki, F\u00fczuliy\u0259 qay\u0131tma\u011f\u0131n sevincini s\u00f6zl\u0259 t\u0259svir etm\u0259k olmur.<\/p>\n<p>\u201c30 ild\u0259n sonra qay\u0131d\u0131r\u0131q \u00f6z torpa\u011f\u0131m\u0131za. Bu g\u00fcn is\u0259 \u00e7oxdand\u0131r g\u00f6zl\u0259diyimiz x\u0259yallar\u0131m\u0131z ger\u00e7\u0259kl\u0259\u015fir\u201d.<\/p>\n<p>F\u00fczuli sakini onlara yarad\u0131lan \u015f\u0259raitl\u0259 g\u00f6r\u0259 d\u00f6vl\u0259t ba\u015f\u00e7\u0131s\u0131 <strong>\u0130lham<\/strong> <strong>\u018fliyev\u0259<\/strong>, torpaqlar\u0131m\u0131z\u0131n azadl\u0131\u011f\u0131 u\u011frunda \u0259ziyy\u0259t \u00e7\u0259k\u0259n igidl\u0259rimiz\u0259 t\u0259\u015f\u0259kk\u00fcr edib, \u015f\u0259hidl\u0259r\u0259 r\u0259hm\u0259t dil\u0259yib.<\/p>\n<\/div>\n","protected":false},"excerpt":{"rendered":"<p>\u201cBu g\u00fcn ikiqat sevinc i\u00e7ind\u0259y\u0259m. H\u0259m 73 ya\u015f\u0131m tamam olur, h\u0259m d\u0259 F\u00fczuliy\u0259 qay\u0131d\u0131ram. F\u00fczuliy\u0259 qay\u0131tma\u011f\u0131m ad g\u00fcn\u00fcm\u0259 h\u0259diyy\u0259 oldu\u201d. Bu s\u00f6zl\u0259ri F\u00fczuliy\u0259 qay\u0131dan Pa\u015fayeva Laura \u201cReport\u201da \u00f6z t\u0259\u0259ss\u00fcratlar\u0131n\u0131 b\u00f6l\u00fc\u015f\u0259r\u0259k deyib. 42 ya\u015f\u0131 olanda do\u011fma yurdundan \u00e7\u0131xd\u0131\u011f\u0131n\u0131 dey\u0259n L. Pa\u015fayeva bildirib ki, F\u00fczuliy\u0259 qay\u0131tma\u011f\u0131n sevincini s\u00f6zl\u0259 t\u0259svir etm\u0259k olmur. \u201c30 ild\u0259n sonra qay\u0131d\u0131r\u0131q \u00f6z torpa\u011f\u0131m\u0131za. &hellip;<\/p>\n","protected":false},"author":1,"featured_media":1345,"comment_status":"open","ping_status":"closed","sticky":false,"template":"","format":"standard","meta":{"footnotes":""},"categories":[9],"tags":[],"class_list":["post-1344","post","type-post","status-publish","format-standard","has-post-thumbnail","hentry","category-xeber"],"_links":{"self":[{"href":"https:\/\/millitv.net\/index.php?rest_route=\/wp\/v2\/posts\/1344","targetHints":{"allow":["GET"]}}],"collection":[{"href":"https:\/\/millitv.net\/index.php?rest_route=\/wp\/v2\/posts"}],"about":[{"href":"https:\/\/millitv.net\/index.php?rest_route=\/wp\/v2\/types\/post"}],"author":[{"embeddable":true,"href":"https:\/\/millitv.net\/index.php?rest_route=\/wp\/v2\/users\/1"}],"replies":[{"embeddable":true,"href":"https:\/\/millitv.net\/index.php?rest_route=%2Fwp%2Fv2%2Fcomments&post=1344"}],"version-history":[{"count":0,"href":"https:\/\/millitv.net\/index.php?rest_route=\/wp\/v2\/posts\/1344\/revisions"}],"wp:featuredmedia":[{"embeddable":true,"href":"https:\/\/millitv.net\/index.php?rest_route=\/wp\/v2\/media\/1345"}],"wp:attachment":[{"href":"https:\/\/millitv.net\/index.php?rest_route=%2Fwp%2Fv2%2Fmedia&parent=1344"}],"wp:term":[{"taxonomy":"category","embeddable":true,"href":"https:\/\/millitv.net\/index.php?rest_route=%2Fwp%2Fv2%2Fcategories&post=1344"},{"taxonomy":"post_tag","embeddable":true,"href":"https:\/\/millitv.net\/index.php?rest_route=%2Fwp%2Fv2%2Ftags&post=1344"}],"curies":[{"name":"wp","href":"https:\/\/api.w.org\/{rel}","templated":true}]}}