{"id":13414,"date":"2024-07-06T22:07:00","date_gmt":"2024-07-06T22:07:00","guid":{"rendered":"https:\/\/millitv.net\/?p=13414"},"modified":"2024-07-07T10:16:00","modified_gmt":"2024-07-07T10:16:00","slug":"avtomobil-saticisi-kimi-taninan-vusal-mug%C9%99nniliy%C9%99-basladi-ifam-hit-olacaq-video","status":"publish","type":"post","link":"https:\/\/millitv.net\/?p=13414","title":{"rendered":"Avtomobil sat\u0131c\u0131s\u0131 kimi tan\u0131nan V\u00fcsal m\u00fc\u011f\u0259nniliy\u0259 ba\u015flad\u0131 &#8211; &#8220;\u0130fam hit olacaq&#8221; &#8211; V\u0130DEO"},"content":{"rendered":"\n<p>Sosial mediada avtomobil sat\u0131c\u0131s\u0131 kimi tan\u0131nan V\u00fcsal m\u00fc\u011f\u0259nniliy\u0259 ba\u015flay\u0131b. Bu bar\u0259d\u0259 o \u00f6z\u00fc payla\u015f\u0131m edib. O idda edib ki, ifas\u0131 hit olacaq. H\u0259min g\u00f6r\u00fcnt\u00fcl\u0259ri t\u0259qdim edirik:\u00a0<\/p>\n\n\n\n<p><a href=\"https:\/\/fb.watch\/sYjgxJpu5X\" target=\"_blank\" rel=\"noopener\">https:\/\/fb.watch\/sYjgxJpu5X<\/a><\/p>\n","protected":false},"excerpt":{"rendered":"<p>Sosial mediada avtomobil sat\u0131c\u0131s\u0131 kimi tan\u0131nan V\u00fcsal m\u00fc\u011f\u0259nniliy\u0259 ba\u015flay\u0131b. Bu bar\u0259d\u0259 o \u00f6z\u00fc payla\u015f\u0131m edib. O idda edib ki, ifas\u0131 hit olacaq. H\u0259min g\u00f6r\u00fcnt\u00fcl\u0259ri t\u0259qdim edirik:\u00a0 https:\/\/fb.watch\/sYjgxJpu5X<\/p>\n","protected":false},"author":1,"featured_media":13415,"comment_status":"open","ping_status":"closed","sticky":false,"template":"","format":"standard","meta":{"footnotes":""},"categories":[6,3],"tags":[],"class_list":["post-13414","post","type-post","status-publish","format-standard","has-post-thumbnail","hentry","category-maqazin","category-olke"],"_links":{"self":[{"href":"https:\/\/millitv.net\/index.php?rest_route=\/wp\/v2\/posts\/13414","targetHints":{"allow":["GET"]}}],"collection":[{"href":"https:\/\/millitv.net\/index.php?rest_route=\/wp\/v2\/posts"}],"about":[{"href":"https:\/\/millitv.net\/index.php?rest_route=\/wp\/v2\/types\/post"}],"author":[{"embeddable":true,"href":"https:\/\/millitv.net\/index.php?rest_route=\/wp\/v2\/users\/1"}],"replies":[{"embeddable":true,"href":"https:\/\/millitv.net\/index.php?rest_route=%2Fwp%2Fv2%2Fcomments&post=13414"}],"version-history":[{"count":1,"href":"https:\/\/millitv.net\/index.php?rest_route=\/wp\/v2\/posts\/13414\/revisions"}],"predecessor-version":[{"id":13416,"href":"https:\/\/millitv.net\/index.php?rest_route=\/wp\/v2\/posts\/13414\/revisions\/13416"}],"wp:featuredmedia":[{"embeddable":true,"href":"https:\/\/millitv.net\/index.php?rest_route=\/wp\/v2\/media\/13415"}],"wp:attachment":[{"href":"https:\/\/millitv.net\/index.php?rest_route=%2Fwp%2Fv2%2Fmedia&parent=13414"}],"wp:term":[{"taxonomy":"category","embeddable":true,"href":"https:\/\/millitv.net\/index.php?rest_route=%2Fwp%2Fv2%2Fcategories&post=13414"},{"taxonomy":"post_tag","embeddable":true,"href":"https:\/\/millitv.net\/index.php?rest_route=%2Fwp%2Fv2%2Ftags&post=13414"}],"curies":[{"name":"wp","href":"https:\/\/api.w.org\/{rel}","templated":true}]}}