{"id":13405,"date":"2024-08-19T20:21:00","date_gmt":"2024-08-19T20:21:00","guid":{"rendered":"https:\/\/millitv.net\/?p=13405"},"modified":"2024-08-23T07:21:34","modified_gmt":"2024-08-23T07:21:34","slug":"bu-mug%C9%99nnil%C9%99r-heyd%C9%99r-eliyev-sarayina-buraxilmadi-sok-sebeb","status":"publish","type":"post","link":"https:\/\/millitv.net\/?p=13405","title":{"rendered":"Bu m\u00fc\u011f\u0259nnil\u0259r Heyd\u0259r \u018fliyev Saray\u0131na burax\u0131lmad\u0131 &#8211; \u015eOK S\u018fB\u018fB"},"content":{"rendered":"\n<p>M\u00fc\u011f\u0259nnil\u0259r V\u0259fa \u015e\u0259rifova, \u015e\u0259bn\u0259m Tovuzlu v\u0259 meyxana\u00e7\u0131 Orxan L\u00f6kbatanl\u0131n\u0131n Heyd\u0259r \u018fliyev Saray\u0131nda konsertin\u0259 icaz\u0259 verilm\u0259yib.<\/p>\n\n\n\n<p>Bu bar\u0259d\u0259 apar\u0131c\u0131-prod\u00fcser Tarix \u018fliyev \u201cX\u0259b\u0259rin var?\u201d verili\u015find\u0259 dan\u0131\u015f\u0131b. O bildirib ki, bir ne\u00e7\u0259 ay \u00f6nc\u0259 V\u0259fa s\u00f6z\u00fcged\u0259n m\u0259kanda konsert verm\u0259k ist\u0259yib:<\/p>\n\n\n\n<p>\u201cBir ne\u00e7\u0259 ay bundan \u0259vv\u0259l V\u0259fa \u015e\u0259rifova Heyd\u0259r \u018fliyev Saray\u0131nda konsert verm\u0259k ist\u0259yirdi. M\u0259n\u0259 dedi ki, ist\u0259yir\u0259m, t\u0259\u015fkilat\u00e7\u0131s\u0131 olasan. Buradan Saray\u0131n r\u0259hb\u0259ri \u0130lham Qas\u0131movu salamlay\u0131ram. Onunla dan\u0131\u015fd\u0131m, dedi ki, burada qada\u011fa deyil\u0259n bir \u015fey yoxdur. Amma Saray\u0131n \u0259z\u0259m\u0259ti var. \u0130lham m\u00fc\u0259llim dedi ki, V\u0259fan\u0131n repertuar\u0131nda burada s\u0259sl\u0259n\u0259c\u0259k ne\u00e7\u0259 mahn\u0131 var? M\u0259n dedim ki, bilmir\u0259m. Dedi ki, onda g\u0259r\u0259k b\u00fct\u00fcn repertuar d\u0259yi\u015filsin, Saraya uy\u011fun olsun. N\u0259inki V\u0259faya, ora \u015e\u0259bn\u0259m Tovuzlu da daxildir. O da ist\u0259yib, maraqlan\u0131b, icaz\u0259 verm\u0259yibl\u0259r. Bu janrdak\u0131, kateqoriyadak\u0131 m\u00fc\u011f\u0259nnil\u0259rin Heyd\u0259r \u018fliyev Saray\u0131nda konserti m\u00fcmk\u00fcn deyil. Bu, pulla t\u0259nziml\u0259nmir. Onlar g\u0259r\u0259k m\u00fc\u0259yy\u0259n etablardan ke\u00e7sinl\u0259r, Ya\u015f\u0131l Teatrda konsert versinl\u0259r. Bildiyim q\u0259d\u0259ril\u0259 Damla v\u0259 \u015e\u0259bn\u0259m orada s\u0259hn\u0259 al\u0131b. M\u0259s\u0259l\u0259n, Orxan L\u00f6kbatanl\u0131 dedi ki, Heyd\u0259r \u018fliyev Saray\u0131nda konsert verm\u0259k ist\u0259dim, dedil\u0259r repertuar\u0131n o deyil. Amma Namiq Qara\u00e7uxurlu, Tal\u0131b Tale orada konsert verib. \u201cMa\u015f\u0131n \u015fou\u201ddan sonra Tal\u0131b Tale orada s\u0259hn\u0259 al\u0131b. Onda b\u0259zi istisnalar olub. Deyibl\u0259r ki, 10 d\u0259n\u0259 \u00f6z mahn\u0131n\u0131 oxu. \u00d6z mahn\u0131lar\u0131ndan az oxuyub. H\u0259min d\u00f6vrd\u0259ki r\u0259hb\u0259rlik istisna edib\u201d. \/&nbsp;Olay.az<\/p>\n","protected":false},"excerpt":{"rendered":"<p>M\u00fc\u011f\u0259nnil\u0259r V\u0259fa \u015e\u0259rifova, \u015e\u0259bn\u0259m Tovuzlu v\u0259 meyxana\u00e7\u0131 Orxan L\u00f6kbatanl\u0131n\u0131n Heyd\u0259r \u018fliyev Saray\u0131nda konsertin\u0259 icaz\u0259 verilm\u0259yib. Bu bar\u0259d\u0259 apar\u0131c\u0131-prod\u00fcser Tarix \u018fliyev \u201cX\u0259b\u0259rin var?\u201d verili\u015find\u0259 dan\u0131\u015f\u0131b. O bildirib ki, bir ne\u00e7\u0259 ay \u00f6nc\u0259 V\u0259fa s\u00f6z\u00fcged\u0259n m\u0259kanda konsert verm\u0259k ist\u0259yib: \u201cBir ne\u00e7\u0259 ay bundan \u0259vv\u0259l V\u0259fa \u015e\u0259rifova Heyd\u0259r \u018fliyev Saray\u0131nda konsert verm\u0259k ist\u0259yirdi. M\u0259n\u0259 dedi ki, ist\u0259yir\u0259m, t\u0259\u015fkilat\u00e7\u0131s\u0131 &hellip;<\/p>\n","protected":false},"author":1,"featured_media":13406,"comment_status":"open","ping_status":"closed","sticky":false,"template":"","format":"standard","meta":{"footnotes":""},"categories":[3,6,8],"tags":[],"class_list":["post-13405","post","type-post","status-publish","format-standard","has-post-thumbnail","hentry","category-olke","category-maqazin","category-maraqli"],"_links":{"self":[{"href":"https:\/\/millitv.net\/index.php?rest_route=\/wp\/v2\/posts\/13405","targetHints":{"allow":["GET"]}}],"collection":[{"href":"https:\/\/millitv.net\/index.php?rest_route=\/wp\/v2\/posts"}],"about":[{"href":"https:\/\/millitv.net\/index.php?rest_route=\/wp\/v2\/types\/post"}],"author":[{"embeddable":true,"href":"https:\/\/millitv.net\/index.php?rest_route=\/wp\/v2\/users\/1"}],"replies":[{"embeddable":true,"href":"https:\/\/millitv.net\/index.php?rest_route=%2Fwp%2Fv2%2Fcomments&post=13405"}],"version-history":[{"count":1,"href":"https:\/\/millitv.net\/index.php?rest_route=\/wp\/v2\/posts\/13405\/revisions"}],"predecessor-version":[{"id":13407,"href":"https:\/\/millitv.net\/index.php?rest_route=\/wp\/v2\/posts\/13405\/revisions\/13407"}],"wp:featuredmedia":[{"embeddable":true,"href":"https:\/\/millitv.net\/index.php?rest_route=\/wp\/v2\/media\/13406"}],"wp:attachment":[{"href":"https:\/\/millitv.net\/index.php?rest_route=%2Fwp%2Fv2%2Fmedia&parent=13405"}],"wp:term":[{"taxonomy":"category","embeddable":true,"href":"https:\/\/millitv.net\/index.php?rest_route=%2Fwp%2Fv2%2Fcategories&post=13405"},{"taxonomy":"post_tag","embeddable":true,"href":"https:\/\/millitv.net\/index.php?rest_route=%2Fwp%2Fv2%2Ftags&post=13405"}],"curies":[{"name":"wp","href":"https:\/\/api.w.org\/{rel}","templated":true}]}}