{"id":13401,"date":"2024-06-26T18:23:50","date_gmt":"2024-06-26T18:23:50","guid":{"rendered":"https:\/\/millitv.net\/?p=13401"},"modified":"2024-06-26T18:23:51","modified_gmt":"2024-06-26T18:23:51","slug":"toyuna-hazirlasirdi-nisanindan-sonra-faci%C9%99vi-s%C9%99kild%C9%99-v%C9%99fat-etdi-video","status":"publish","type":"post","link":"https:\/\/millitv.net\/?p=13401","title":{"rendered":"Toyuna haz\u0131rla\u015f\u0131rd\u0131 &#8211; Ni\u015fan\u0131ndan sonra faci\u0259vi \u015f\u0259kild\u0259 v\u0259fat etdi \/ V\u0130DEO"},"content":{"rendered":"\n<p><strong>\u200b\u0130yunun 26-da gec\u0259 saatlar\u0131nda \u015e\u0259rur rayonunun A\u015fa\u011f\u0131 Da\u015farx k\u0259ndind\u0259 yol-n\u0259qliyyat hadis\u0259si ba\u015f verib.<\/strong><\/p>\n\n\n\n<p>Hadis\u0259 zaman\u0131 rayonun Siyaqut k\u0259nd sakini, 1993-c\u00fc il t\u0259v\u0259ll\u00fcdl\u00fc Rahib \u018fl\u0259kb\u0259rov v\u0259 ni\u015fanl\u0131s\u0131, 1993-c\u00fc il t\u0259v\u0259ll\u00fcdl\u00fc \u015e\u0259f\u0259q M\u0259mm\u0259dova q\u0259zaya d\u00fc\u015f\u00fcbl\u0259r.<\/p>\n\n\n\n<p>N\u0259tic\u0259d\u0259 Rahib \u018fl\u0259kb\u0259rov v\u0259fat edib.<\/p>\n\n\n\n<p>Qohumu Murad Bayramovun s\u00f6zl\u0259rin\u0259 g\u00f6r\u0259, m\u0259rhum toyuna haz\u0131rla\u015f\u0131rm\u0131\u015f: &#8220;Ham\u0131m\u0131z\u0131n f\u0259xri idi, dostumuz idi. \u0130ki g\u00fcn \u0259vv\u0259l ni\u015fan\u0131 oldu, toyuna haz\u0131rla\u015f\u0131rd\u0131q. D\u00fcn\u0259n d\u0259 b\u0259db\u0259xt hadis\u0259 ba\u015f verdi&#8221;.<\/p>\n\n\n\n<p>Qeyd ed\u0259k ki, hadis\u0259 n\u0259tic\u0259sind\u0259 m\u0259rhumun ni\u015fanl\u0131s\u0131 \u015e\u0259f\u0259q M\u0259mm\u0259dova Nax\u00e7\u0131van M\u0259rk\u0259zi X\u0259st\u0259xanas\u0131na yerl\u0259\u015fdirilib. V\u0259ziyy\u0259ti a\u011f\u0131r olaraq qiym\u0259tl\u0259ndirilir.<\/p>\n\n\n\n<p>\u018ftrafl\u0131 Baku TV-nin s\u00fcjetind\u0259:<\/p>\n\n\n\n<figure class=\"wp-block-embed is-type-rich is-provider-g-mme-tutucu wp-block-embed-g-mme-tutucu wp-embed-aspect-16-9 wp-has-aspect-ratio\"><div class=\"wp-block-embed__wrapper\">\n<iframe loading=\"lazy\" title=\"Ni\u015fanl\u0131s\u0131 il\u0259 a\u011f\u0131r q\u0259zaya d\u00fc\u015f\u0259n g\u0259nc h\u0259lak oldu | Nax\u00e7\u0131vanda b\u0259db\u0259xt hadis\u0259\" width=\"500\" height=\"281\" src=\"https:\/\/www.youtube.com\/embed\/gCl6otqYmE4?feature=oembed\" frameborder=\"0\" allow=\"accelerometer; autoplay; clipboard-write; encrypted-media; gyroscope; picture-in-picture; web-share\" referrerpolicy=\"strict-origin-when-cross-origin\" allowfullscreen><\/iframe>\n<\/div><\/figure>\n","protected":false},"excerpt":{"rendered":"<p>\u200b\u0130yunun 26-da gec\u0259 saatlar\u0131nda \u015e\u0259rur rayonunun A\u015fa\u011f\u0131 Da\u015farx k\u0259ndind\u0259 yol-n\u0259qliyyat hadis\u0259si ba\u015f verib. Hadis\u0259 zaman\u0131 rayonun Siyaqut k\u0259nd sakini, 1993-c\u00fc il t\u0259v\u0259ll\u00fcdl\u00fc Rahib \u018fl\u0259kb\u0259rov v\u0259 ni\u015fanl\u0131s\u0131, 1993-c\u00fc il t\u0259v\u0259ll\u00fcdl\u00fc \u015e\u0259f\u0259q M\u0259mm\u0259dova q\u0259zaya d\u00fc\u015f\u00fcbl\u0259r. N\u0259tic\u0259d\u0259 Rahib \u018fl\u0259kb\u0259rov v\u0259fat edib. Qohumu Murad Bayramovun s\u00f6zl\u0259rin\u0259 g\u00f6r\u0259, m\u0259rhum toyuna haz\u0131rla\u015f\u0131rm\u0131\u015f: &#8220;Ham\u0131m\u0131z\u0131n f\u0259xri idi, dostumuz idi. \u0130ki g\u00fcn \u0259vv\u0259l ni\u015fan\u0131 &hellip;<\/p>\n","protected":false},"author":1,"featured_media":13403,"comment_status":"open","ping_status":"closed","sticky":false,"template":"","format":"standard","meta":{"footnotes":""},"categories":[3],"tags":[],"class_list":["post-13401","post","type-post","status-publish","format-standard","has-post-thumbnail","hentry","category-olke"],"_links":{"self":[{"href":"https:\/\/millitv.net\/index.php?rest_route=\/wp\/v2\/posts\/13401","targetHints":{"allow":["GET"]}}],"collection":[{"href":"https:\/\/millitv.net\/index.php?rest_route=\/wp\/v2\/posts"}],"about":[{"href":"https:\/\/millitv.net\/index.php?rest_route=\/wp\/v2\/types\/post"}],"author":[{"embeddable":true,"href":"https:\/\/millitv.net\/index.php?rest_route=\/wp\/v2\/users\/1"}],"replies":[{"embeddable":true,"href":"https:\/\/millitv.net\/index.php?rest_route=%2Fwp%2Fv2%2Fcomments&post=13401"}],"version-history":[{"count":1,"href":"https:\/\/millitv.net\/index.php?rest_route=\/wp\/v2\/posts\/13401\/revisions"}],"predecessor-version":[{"id":13404,"href":"https:\/\/millitv.net\/index.php?rest_route=\/wp\/v2\/posts\/13401\/revisions\/13404"}],"wp:featuredmedia":[{"embeddable":true,"href":"https:\/\/millitv.net\/index.php?rest_route=\/wp\/v2\/media\/13403"}],"wp:attachment":[{"href":"https:\/\/millitv.net\/index.php?rest_route=%2Fwp%2Fv2%2Fmedia&parent=13401"}],"wp:term":[{"taxonomy":"category","embeddable":true,"href":"https:\/\/millitv.net\/index.php?rest_route=%2Fwp%2Fv2%2Fcategories&post=13401"},{"taxonomy":"post_tag","embeddable":true,"href":"https:\/\/millitv.net\/index.php?rest_route=%2Fwp%2Fv2%2Ftags&post=13401"}],"curies":[{"name":"wp","href":"https:\/\/api.w.org\/{rel}","templated":true}]}}