{"id":13372,"date":"2024-07-02T21:40:00","date_gmt":"2024-07-02T21:40:00","guid":{"rendered":"https:\/\/millitv.net\/?p=13372"},"modified":"2024-07-03T16:09:17","modified_gmt":"2024-07-03T16:09:17","slug":"f%C9%99lak%C9%99tin-onunla-goruntul%C9%99ri-diqq%C9%99t-c%C9%99kdi-yanindaki-xanim-kimdir-video","status":"publish","type":"post","link":"https:\/\/millitv.net\/?p=13372","title":{"rendered":"&#8220;F\u0259lak\u0259tin&#8221; onunla g\u00f6r\u00fcnt\u00fcl\u0259ri diqq\u0259t \u00e7\u0259kdi &#8211; Yan\u0131ndak\u0131 xan\u0131m kimdir? &#8211; V\u0130DEO"},"content":{"rendered":"\n<p>Sosial mediada aktyor El\u015f\u0259n Orucuvla bloger kimi tan\u0131nan Aydan\u0131n g\u00f6r\u00fcnt\u00fcl\u0259ri payla\u015f\u0131l\u0131b. G\u00f6r\u00fcnt\u00fcl\u0259r maraqla qar\u015f\u0131lan\u0131b. B\u0259zi sosial media istifad\u0259\u00e7il\u0259ri onlar\u0131n birlikd\u0259 olmas\u0131na m\u00fcxt\u0259lif \u015f\u0259rhl\u0259r yaz\u0131blar.<\/p>\n\n\n\n<p>V\u0130DEO: <a href=\"https:\/\/fb.watch\/sWYILWRWyc\" target=\"_blank\" rel=\"noopener\">https:\/\/fb.watch\/sWYILWRWyc<\/a><\/p>\n","protected":false},"excerpt":{"rendered":"<p>Sosial mediada aktyor El\u015f\u0259n Orucuvla bloger kimi tan\u0131nan Aydan\u0131n g\u00f6r\u00fcnt\u00fcl\u0259ri payla\u015f\u0131l\u0131b. G\u00f6r\u00fcnt\u00fcl\u0259r maraqla qar\u015f\u0131lan\u0131b. B\u0259zi sosial media istifad\u0259\u00e7il\u0259ri onlar\u0131n birlikd\u0259 olmas\u0131na m\u00fcxt\u0259lif \u015f\u0259rhl\u0259r yaz\u0131blar. V\u0130DEO: https:\/\/fb.watch\/sWYILWRWyc<\/p>\n","protected":false},"author":1,"featured_media":13373,"comment_status":"open","ping_status":"closed","sticky":false,"template":"","format":"standard","meta":{"footnotes":""},"categories":[1],"tags":[],"class_list":["post-13372","post","type-post","status-publish","format-standard","has-post-thumbnail","hentry","category-idman"],"_links":{"self":[{"href":"https:\/\/millitv.net\/index.php?rest_route=\/wp\/v2\/posts\/13372","targetHints":{"allow":["GET"]}}],"collection":[{"href":"https:\/\/millitv.net\/index.php?rest_route=\/wp\/v2\/posts"}],"about":[{"href":"https:\/\/millitv.net\/index.php?rest_route=\/wp\/v2\/types\/post"}],"author":[{"embeddable":true,"href":"https:\/\/millitv.net\/index.php?rest_route=\/wp\/v2\/users\/1"}],"replies":[{"embeddable":true,"href":"https:\/\/millitv.net\/index.php?rest_route=%2Fwp%2Fv2%2Fcomments&post=13372"}],"version-history":[{"count":2,"href":"https:\/\/millitv.net\/index.php?rest_route=\/wp\/v2\/posts\/13372\/revisions"}],"predecessor-version":[{"id":13678,"href":"https:\/\/millitv.net\/index.php?rest_route=\/wp\/v2\/posts\/13372\/revisions\/13678"}],"wp:featuredmedia":[{"embeddable":true,"href":"https:\/\/millitv.net\/index.php?rest_route=\/wp\/v2\/media\/13373"}],"wp:attachment":[{"href":"https:\/\/millitv.net\/index.php?rest_route=%2Fwp%2Fv2%2Fmedia&parent=13372"}],"wp:term":[{"taxonomy":"category","embeddable":true,"href":"https:\/\/millitv.net\/index.php?rest_route=%2Fwp%2Fv2%2Fcategories&post=13372"},{"taxonomy":"post_tag","embeddable":true,"href":"https:\/\/millitv.net\/index.php?rest_route=%2Fwp%2Fv2%2Ftags&post=13372"}],"curies":[{"name":"wp","href":"https:\/\/api.w.org\/{rel}","templated":true}]}}