{"id":13362,"date":"2024-07-09T06:47:00","date_gmt":"2024-07-09T06:47:00","guid":{"rendered":"https:\/\/millitv.net\/?p=13362"},"modified":"2024-07-11T10:46:10","modified_gmt":"2024-07-11T10:46:10","slug":"az%C9%99rbaycanli-cazib%C9%99dar-mug%C9%99nninin-efird%C9%99-dar-eteyi-cirildi-razrezi-acildi-video","status":"publish","type":"post","link":"https:\/\/millitv.net\/?p=13362","title":{"rendered":"Az\u0259rbaycanl\u0131 cazib\u0259dar m\u00fc\u011f\u0259nninin efird\u0259 DAR \u018fT\u018fY\u0130 CIRILDI &#8211; Razrezi a\u00e7\u0131ld\u0131 &#8211; V\u0130DEO"},"content":{"rendered":"\n<p>M\u00fc\u011f\u0259nni Rahid\u0259 Bax\u0131\u015fova &#8220;El canl\u0131&#8221; verli\u015fi \u00f6nc\u0259si \u00e7\u0259tin anlar ya\u015fay\u0131b.&nbsp;<\/p>\n\n\n\n<p>&nbsp;Efir\u0259 \u00e7\u0131xma\u011fa haz\u0131rla\u015fan Rahid\u0259nin dar \u0259t\u0259yi s\u00f6k\u00fcl\u00fcb.<\/p>\n\n\n\n<p>Onun kulisd\u0259 s\u00f6k\u00fcl\u0259n paltar\u0131n\u0131 tikm\u0259y\u0259 c\u0259hd g\u00f6r\u00fcnt\u00fcl\u0259rini t\u0259qdim edirik:<\/p>\n\n\n\n<p>\/\/Titul.az<\/p>\n\n\n\n<figure class=\"wp-block-embed is-type-rich is-provider-g-mme-tutucu wp-block-embed-g-mme-tutucu wp-embed-aspect-16-9 wp-has-aspect-ratio\"><div class=\"wp-block-embed__wrapper\">\n<iframe loading=\"lazy\" title=\"Az\u0259rbaycanl\u0131 cazib\u0259dar m\u00fc\u011f\u0259nninin efird\u0259 DAR \u018fT\u018fY\u0130 CIRILDI - V\u0130DEO\" width=\"500\" height=\"281\" src=\"https:\/\/www.youtube.com\/embed\/YSZQl0rFK3U?feature=oembed\" frameborder=\"0\" allow=\"accelerometer; autoplay; clipboard-write; encrypted-media; gyroscope; picture-in-picture; web-share\" referrerpolicy=\"strict-origin-when-cross-origin\" allowfullscreen><\/iframe>\n<\/div><\/figure>\n","protected":false},"excerpt":{"rendered":"<p>M\u00fc\u011f\u0259nni Rahid\u0259 Bax\u0131\u015fova &#8220;El canl\u0131&#8221; verli\u015fi \u00f6nc\u0259si \u00e7\u0259tin anlar ya\u015fay\u0131b.&nbsp; &nbsp;Efir\u0259 \u00e7\u0131xma\u011fa haz\u0131rla\u015fan Rahid\u0259nin dar \u0259t\u0259yi s\u00f6k\u00fcl\u00fcb. Onun kulisd\u0259 s\u00f6k\u00fcl\u0259n paltar\u0131n\u0131 tikm\u0259y\u0259 c\u0259hd g\u00f6r\u00fcnt\u00fcl\u0259rini t\u0259qdim edirik: \/\/Titul.az<\/p>\n","protected":false},"author":1,"featured_media":13364,"comment_status":"open","ping_status":"closed","sticky":false,"template":"","format":"standard","meta":{"footnotes":""},"categories":[3,6],"tags":[],"class_list":["post-13362","post","type-post","status-publish","format-standard","has-post-thumbnail","hentry","category-olke","category-maqazin"],"_links":{"self":[{"href":"https:\/\/millitv.net\/index.php?rest_route=\/wp\/v2\/posts\/13362","targetHints":{"allow":["GET"]}}],"collection":[{"href":"https:\/\/millitv.net\/index.php?rest_route=\/wp\/v2\/posts"}],"about":[{"href":"https:\/\/millitv.net\/index.php?rest_route=\/wp\/v2\/types\/post"}],"author":[{"embeddable":true,"href":"https:\/\/millitv.net\/index.php?rest_route=\/wp\/v2\/users\/1"}],"replies":[{"embeddable":true,"href":"https:\/\/millitv.net\/index.php?rest_route=%2Fwp%2Fv2%2Fcomments&post=13362"}],"version-history":[{"count":1,"href":"https:\/\/millitv.net\/index.php?rest_route=\/wp\/v2\/posts\/13362\/revisions"}],"predecessor-version":[{"id":13365,"href":"https:\/\/millitv.net\/index.php?rest_route=\/wp\/v2\/posts\/13362\/revisions\/13365"}],"wp:featuredmedia":[{"embeddable":true,"href":"https:\/\/millitv.net\/index.php?rest_route=\/wp\/v2\/media\/13364"}],"wp:attachment":[{"href":"https:\/\/millitv.net\/index.php?rest_route=%2Fwp%2Fv2%2Fmedia&parent=13362"}],"wp:term":[{"taxonomy":"category","embeddable":true,"href":"https:\/\/millitv.net\/index.php?rest_route=%2Fwp%2Fv2%2Fcategories&post=13362"},{"taxonomy":"post_tag","embeddable":true,"href":"https:\/\/millitv.net\/index.php?rest_route=%2Fwp%2Fv2%2Ftags&post=13362"}],"curies":[{"name":"wp","href":"https:\/\/api.w.org\/{rel}","templated":true}]}}