{"id":13350,"date":"2024-07-03T06:31:00","date_gmt":"2024-07-03T06:31:00","guid":{"rendered":"https:\/\/millitv.net\/?p=13350"},"modified":"2024-07-05T15:22:42","modified_gmt":"2024-07-05T15:22:42","slug":"d%C9%99yis%C9%99n-hec-n%C9%99-yoxdur-yen%C9%99-zaur-uzun-uzadi-qaqqildayir-sok-irad","status":"publish","type":"post","link":"https:\/\/millitv.net\/?p=13350","title":{"rendered":"&#8220;D\u0259yi\u015f\u0259n he\u00e7 n\u0259 yoxdur, yen\u0259 Zaur uzun-uzad\u0131 qaqq\u0131lday\u0131r&#8221; &#8211; \u015eOK \u0130RAD"},"content":{"rendered":"\n<p>Yaz\u0131\u00e7\u0131-publisist Xeyr\u0259ddin Qoca: \u201cPrezident Administrasiyas\u0131nda sosial verili\u015fl\u0259rl\u0259 \u0259laq\u0259dar s\u00f6hb\u0259t oldu, tap\u015f\u0131r\u0131qlar verildi, n\u0259 d\u0259yi\u015fdi? \u018fvv\u0259la, he\u00e7 n\u0259 d\u0259yi\u015fm\u0259di, d\u0259yi\u015fm\u0259y\u0259c\u0259k! Niy\u0259? \u00c7\u00fcnki s\u0259viyy\u0259 budur! H\u0259min televiziyalar\u0131n r\u0259hb\u0259rl\u0259rinin d\u0259 s\u0259viyy\u0259l\u0259ri odur! Yen\u0259 Zaur Bax\u015f\u0259liyev uzun-uzad\u0131 qaqq\u0131lday\u0131r, h\u0259yat yolda\u015f\u0131na da \u0259lav\u0259 bir verili\u015f tap\u015f\u0131r\u0131blar, \u015fit, baya\u011f\u0131 h\u0259r\u0259k\u0259tl\u0259rl\u0259, g\u00fcl\u00fc\u015fl\u0259rl\u0259 efir doldurur! Apar\u0131c\u0131lar ekranlar\u0131 la\u011f-la\u011f\u0131 yerin\u0259 \u00e7eviribl\u0259r, dan\u0131\u015f\u0131qlarda savads\u0131zl\u0131q, m\u0259ntiqsizlik ba\u015f al\u0131b gedir! Sosial verili\u015fl\u0259rin ham\u0131s\u0131 bu g\u00fcnd\u0259dir. Bizd\u0259 sosial verili\u015fl\u0259r \u0259tt\u00f6k\u0259ndir, baya\u011f\u0131d\u0131r, \u00e7oxu da uydurma, bo\u011fazdan yuxar\u0131, qeyri-s\u0259mimi dan\u0131\u015f\u0131qlar toplusudur! Art\u0131q s\u00f6hb\u0259tin, tap\u015f\u0131r\u0131\u011f\u0131n, yazma\u011f\u0131n, dem\u0259yin t\u0259siri yoxdur, ciddi t\u0259dbirl\u0259r g\u00f6r\u00fclm\u0259sinin vaxt\u0131d\u0131r! Televiziya efirl\u0259ri evl\u0259nm\u0259k, \u0259r\u0259 getm\u0259k m\u0259kan\u0131 deyil! Mavi ekranlarda savads\u0131zlar, cahill\u0259r dan\u0131\u015fmal\u0131 deyill\u0259r! Mavi ekran b\u0259zi qad\u0131nlar\u0131n bald\u0131rlar\u0131n\u0131, b\u0259d\u0259n qurulu\u015funu n\u00fcmayi\u015f etdirm\u0259k yeri d\u0259 deyil! Bir s\u00f6zl\u0259, biab\u0131r\u00e7\u0131l\u0131qlara son qoyulmur ki, qoyulmur!\u201d<\/p>\n","protected":false},"excerpt":{"rendered":"<p>Yaz\u0131\u00e7\u0131-publisist Xeyr\u0259ddin Qoca: \u201cPrezident Administrasiyas\u0131nda sosial verili\u015fl\u0259rl\u0259 \u0259laq\u0259dar s\u00f6hb\u0259t oldu, tap\u015f\u0131r\u0131qlar verildi, n\u0259 d\u0259yi\u015fdi? \u018fvv\u0259la, he\u00e7 n\u0259 d\u0259yi\u015fm\u0259di, d\u0259yi\u015fm\u0259y\u0259c\u0259k! Niy\u0259? \u00c7\u00fcnki s\u0259viyy\u0259 budur! H\u0259min televiziyalar\u0131n r\u0259hb\u0259rl\u0259rinin d\u0259 s\u0259viyy\u0259l\u0259ri odur! Yen\u0259 Zaur Bax\u015f\u0259liyev uzun-uzad\u0131 qaqq\u0131lday\u0131r, h\u0259yat yolda\u015f\u0131na da \u0259lav\u0259 bir verili\u015f tap\u015f\u0131r\u0131blar, \u015fit, baya\u011f\u0131 h\u0259r\u0259k\u0259tl\u0259rl\u0259, g\u00fcl\u00fc\u015fl\u0259rl\u0259 efir doldurur! Apar\u0131c\u0131lar ekranlar\u0131 la\u011f-la\u011f\u0131 yerin\u0259 \u00e7eviribl\u0259r, dan\u0131\u015f\u0131qlarda savads\u0131zl\u0131q, m\u0259ntiqsizlik &hellip;<\/p>\n","protected":false},"author":1,"featured_media":13351,"comment_status":"open","ping_status":"closed","sticky":false,"template":"","format":"standard","meta":{"footnotes":""},"categories":[3,6],"tags":[],"class_list":["post-13350","post","type-post","status-publish","format-standard","has-post-thumbnail","hentry","category-olke","category-maqazin"],"_links":{"self":[{"href":"https:\/\/millitv.net\/index.php?rest_route=\/wp\/v2\/posts\/13350","targetHints":{"allow":["GET"]}}],"collection":[{"href":"https:\/\/millitv.net\/index.php?rest_route=\/wp\/v2\/posts"}],"about":[{"href":"https:\/\/millitv.net\/index.php?rest_route=\/wp\/v2\/types\/post"}],"author":[{"embeddable":true,"href":"https:\/\/millitv.net\/index.php?rest_route=\/wp\/v2\/users\/1"}],"replies":[{"embeddable":true,"href":"https:\/\/millitv.net\/index.php?rest_route=%2Fwp%2Fv2%2Fcomments&post=13350"}],"version-history":[{"count":1,"href":"https:\/\/millitv.net\/index.php?rest_route=\/wp\/v2\/posts\/13350\/revisions"}],"predecessor-version":[{"id":13352,"href":"https:\/\/millitv.net\/index.php?rest_route=\/wp\/v2\/posts\/13350\/revisions\/13352"}],"wp:featuredmedia":[{"embeddable":true,"href":"https:\/\/millitv.net\/index.php?rest_route=\/wp\/v2\/media\/13351"}],"wp:attachment":[{"href":"https:\/\/millitv.net\/index.php?rest_route=%2Fwp%2Fv2%2Fmedia&parent=13350"}],"wp:term":[{"taxonomy":"category","embeddable":true,"href":"https:\/\/millitv.net\/index.php?rest_route=%2Fwp%2Fv2%2Fcategories&post=13350"},{"taxonomy":"post_tag","embeddable":true,"href":"https:\/\/millitv.net\/index.php?rest_route=%2Fwp%2Fv2%2Ftags&post=13350"}],"curies":[{"name":"wp","href":"https:\/\/api.w.org\/{rel}","templated":true}]}}