{"id":13276,"date":"2024-06-21T05:23:13","date_gmt":"2024-06-21T05:23:13","guid":{"rendered":"https:\/\/millitv.net\/?p=13276"},"modified":"2024-06-21T05:41:25","modified_gmt":"2024-06-21T05:41:25","slug":"m%C9%99shur-jurnalist-prezident%C9%99-aciq-m%C9%99ktub-unvanladi-foto","status":"publish","type":"post","link":"https:\/\/millitv.net\/?p=13276","title":{"rendered":"M\u0259\u015fhur jurnalist Prezident\u0259 a\u00e7\u0131q m\u0259ktub \u00fcnvanlad\u0131 &#8211; FOTO"},"content":{"rendered":"\n<p>AZ\u018fRBAYCAN RESPUBL\u0130KASININ PREZ\u0130DENT\u0130<\/p>\n\n\n\n<p>\u0130LHAM \u018fL\u0130YEV C\u018fNABLARINA<\/p>\n\n\n\n<p>\u201cDe Media\u201d \u015firk\u0259tinin qurucusu<\/p>\n\n\n\n<p>Bahadur Seyidovdan a\u00e7\u0131q m\u0259ktub<\/p>\n\n\n\n<p><a><\/a>H\u00f6rm\u0259tli C\u0259nab Prezident!<\/p>\n\n\n\n<p>\u018fvv\u0259lc\u0259 icaz\u0259 verin &#8211; Siz\u0259 Az\u0259rbaycan Respublikas\u0131n\u0131n Prezidentin\u0259, Silahl\u0131 Q\u00fcvv\u0259l\u0259rin Ali Ba\u015f Komandan\u0131na q\u0259rin\u0259l\u0259r boyu davam ed\u0259n i\u015f\u011fala son qoyaraq, \u0259razi b\u00fct\u00f6vl\u00fcy\u00fcm\u00fcz\u00fcn t\u0259min olunmas\u0131 il\u0259 ba\u011fl\u0131 qazand\u0131\u011f\u0131n\u0131z miqyasag\u0259lm\u0259z q\u0259l\u0259b\u0259y\u0259 g\u00f6r\u0259 bir daha minn\u0259tdarl\u0131\u011f\u0131m\u0131 bildirim, bundan sonrak\u0131 i\u015fl\u0259rinizd\u0259 Siz\u0259 u\u011furlar arzulay\u0131m v\u0259 deyim ki, bir v\u0259t\u0259nda\u015f, \u0259sg\u0259r olaraq h\u0259mi\u015f\u0259 \u0259mrinizd\u0259 olmaqdan q\u00fcrur duyuram.<\/p>\n\n\n\n<p>C\u0259nab Prezident!<\/p>\n\n\n\n<p>Siz \u00e7\u0131x\u0131\u015flar\u0131n\u0131zda d\u0259f\u0259l\u0259rl\u0259 \u201cjurnalistl\u0259r m\u0259nim k\u00f6m\u0259k\u00e7il\u0259rimdir&#8221; demisiniz. Biz jurnalistl\u0259r bununla h\u0259mi\u015f\u0259 q\u00fcrur duyur, f\u0259xr edirik. M\u0259hz buna g\u00f6r\u0259, c\u0259sar\u0259t el\u0259y\u0259r\u0259k Siz\u0259 m\u00fcraci\u0259t edir\u0259m.<\/p>\n\n\n\n<p>C\u0259nab Prezident!<\/p>\n\n\n\n<p>M\u0259n Az\u0259rbaycanda 950 min abun\u0259si olan maarifl\u0259ndirci \u201cDem\u0259di Dem\u0259\u201d Youtube kanal\u0131n\u0131n, \u201c<a href=\"https:\/\/l.facebook.com\/l.php?u=http%3A%2F%2FDemedia.az%2F%3Ffbclid%3DIwZXh0bgNhZW0CMTAAAR3ln9PJXA-ImvpB9Y9CiD5Du5Sn52jr2CqtHYpbMDhZ55cGDgJYo18K6w8_aem_ZmFrZWR1bW15MTZieXRlcw&amp;h=AT0FYZjpG0FfDJ9FDG7bVHa41W_Z9Z1kD5YNB3rdy20edQedmvDL4Q0cjATAEtGEKUf3776HufQjQfHZIcOLmFAziBVysJQfKvtY-3cNLz7ppN_yTdnqKVWZM9IYloh1n_f5&amp;__tn__=-UK-R&amp;c[0]=AT0Jcssmm1dr7nlgtoey80wF8idlmJsgHECL_cAhaLkh-F6BJUk-hAIli8xWBCXfkj9Ie1_1rUPH5xwiDWvUcUfcqK2mC-ptGEIPTRECmJNTjCkyWAhGIoqHaqFF777aA5yDS16G_RiDur5PRPwsGUv480GMg6MtTx3RVMcgPH3PGuMx7NtFz6sBsDU5oXJmw2dMZk5axj6dQOrASIyQPzna3eiRQPk\" rel=\"noreferrer noopener\" target=\"_blank\">Demedia.az<\/a>\u201d sayt\u0131n\u0131n, \u201cDem\u0259di Dem\u0259\u201d Facebook s\u0259hif\u0259sinin v\u0259 15-\u0259 yax\u0131n maarifl\u0259ndirici sosial media hesablar\u0131n\u0131n sahibi, 1500-d\u0259n \u00e7ox faydal\u0131, maarifl\u0259ndirici videonun m\u00fc\u0259llifiy\u0259m. V\u0259t\u0259n M\u00fcharib\u0259si zaman\u0131 haz\u0131rlad\u0131\u011f\u0131m v\u0259t\u0259np\u0259rv\u0259rlikl\u0259 ba\u011fl\u0131 video\u00e7arxlar \u00f6lk\u0259d\u0259 v\u0259 xaricd\u0259 milyonlarla insan t\u0259r\u0259find\u0259n izl\u0259nib. \u00d6z hesab\u0131ma \u015f\u0259hid v\u0259 qazil\u0259r\u0259 h\u0259sr olunmu\u015f 50-y\u0259 yax\u0131n s\u0259n\u0259dli film \u00e7\u0259kmi\u015f\u0259m. 2018-ci ild\u0259n yaratd\u0131\u011f\u0131m \u201cDe Media\u201d \u015firk\u0259ti h\u0259mi\u015f\u0259 vicdana, h\u0259qiq\u0259t\u0259 v\u0259 d\u00f6vl\u0259t\u00e7iliy\u0259 xidm\u0259t edib. T\u0259bii ki, b\u00fct\u00fcn bunlar m\u0259nim v\u0259t\u0259nda\u015fl\u0131q borcumdu. Ancaq \u00f6z\u00fcm\u00fcn ki\u00e7ik imkanlar\u0131mla g\u00f6rd\u00fcy\u00fcm i\u015fl\u0259ri daha da b\u00f6y\u00fcd\u0259, V\u0259t\u0259nimiz\u0259, D\u00f6vl\u0259timiz\u0259, xalq\u0131m\u0131za bunlardan da b\u00f6y\u00fck xidm\u0259tl\u0259r g\u00f6st\u0259r\u0259 bil\u0259r\u0259m. Bu bax\u0131mdan, m\u0259n\u0259 D\u00f6vl\u0259timizin d\u0259st\u0259yi laz\u0131md\u0131r. Ancaq n\u0259d\u0259ndirs\u0259, <a href=\"https:\/\/www.facebook.com\/media.gov.az?__cft__[0]=AZW_INRe1BYCUGIehyGKZju2BG-Mz6hnMmGXTkAb_2sUV4mG7aNDYeODMSC9r1zbmvrWCgyZbkVdllDfwS2_kmOuYbXCBx24L7l52wEiZuP4eJ-GxB6LZztJ_0Afh461VT9Zh5V2G4zIQZqiYpMGXagEMSc_yOLxhRF6FE_mR3Gsubniq_gRJPTj_PnwPgDCib96WnehkDpVH44dIqAAbT8_&amp;__tn__=-]K-R\" target=\"_blank\" rel=\"noopener\">Median\u0131n \u0130nki\u015faf\u0131 Agentliyi<\/a> r\u0259hb\u0259ri oldu\u011fum \u015firk\u0259ti art\u0131q ill\u0259rdi diqq\u0259td\u0259n k\u0259narda qoyub. B\u00fct\u00fcn qaydalara riay\u0259t etdiyimiz halda Median\u0131n \u0130nki\u015faf\u0131 Agentliyinin x\u0259b\u0259r saytlar\u0131na ay\u0131rd\u0131\u011f\u0131 3000 manat yard\u0131mdan m\u0259hrum olmu\u015fuq. D\u00fc\u015f\u00fcn\u00fcr\u0259m, \u0259slind\u0259 bu m\u0259bl\u0259\u011f inki\u015faf etm\u0259kd\u0259 olan, maddi resurslar\u0131 z\u0259if saytlara verilm\u0259lidir ki, onlar da inki\u015faf el\u0259sin. Ancaq, t\u0259\u0259ss\u00fcf ki, bu qaydaya \u0259m\u0259l olunmur.<\/p>\n\n\n\n<p>Yaxud, m\u0259ni tan\u0131yanlar bilir ki, v\u0259t\u0259n e\u015fqi il\u0259 al\u0131\u015f\u0131b-yanan, d\u00f6vl\u0259t\u00e7iliyi \u00f6z varl\u0131\u011f\u0131mdan daha \u00e7ox sev\u0259n biriy\u0259m. 2020-ci ild\u0259n bu yana Sizin b\u00f6y\u00fck s\u0259rk\u0259rd\u0259lik bacar\u0131\u011f\u0131n\u0131z, \u015f\u0259hid v\u0259 qazil\u0259rin qan\u0131 bahas\u0131na geri al\u0131nm\u0131\u015f \u015eu\u015fan\u0131 v\u0259 dig\u0259r i\u015f\u011faldan azad olunmu\u015f rayonlar\u0131 g\u00f6rm\u0259k bir media \u015firk\u0259ti r\u0259hb\u0259ri kimi h\u0259l\u0259 d\u0259 m\u0259n\u0259 n\u0259sib olmay\u0131b.<\/p>\n\n\n\n<p>C\u0259nab Prezident!<\/p>\n\n\n\n<p>Art\u0131q 15 il\u0259 yax\u0131nd\u0131r ki, media sah\u0259sind\u0259 \u00e7al\u0131\u015f\u0131ram. D\u00f6vl\u0259tim\u0259 h\u0259mi\u015f\u0259 vicdanla xidm\u0259t etmi\u015f\u0259m. Bu g\u00fcn ist\u0259yir\u0259m, g\u00f6rd\u00fcy\u00fcm i\u015fl\u0259ri bir q\u0259d\u0259r d\u0259 geni\u015fl\u0259ndirim, r\u0259hb\u0259rliyinizl\u0259 D\u00f6vl\u0259timizin apard\u0131\u011f\u0131 \u015f\u0259r\u0259fli i\u015fl\u0259r\u0259 m\u0259n d\u0259 \u00f6z t\u00f6hf\u0259mi verim. Ba bax\u0131mdan, Sizin b\u00f6y\u00fck \u0259dal\u0259tiniz\u0259 inan\u0131r, \u015firk\u0259tim\u0259 v\u0259 \u015f\u0259xsim\u0259 qar\u015f\u0131 yol veril\u0259n bu \u0259dal\u0259tsizliyin aradan qalxaca\u011f\u0131na \u00fcmid edir\u0259m.<\/p>\n\n\n\n<p>B\u00f6y\u00fck h\u00f6rm\u0259t v\u0259 ehtiramla:<\/p>\n\n\n\n<p>\u201cDe Media\u201d \u015firk\u0259tinin qurucusu: \u200b\u200b\u200b\u200b\u200bBahadur Seyidov<\/p>\n\n\n\n<figure class=\"wp-block-image size-full\"><img loading=\"lazy\" decoding=\"async\" width=\"680\" height=\"780\" src=\"https:\/\/millitv.net\/wp-content\/uploads\/2024\/06\/nhgmtymjydj.jpg\" alt=\"\" class=\"wp-image-13283\" title=\"\" srcset=\"https:\/\/millitv.net\/wp-content\/uploads\/2024\/06\/nhgmtymjydj.jpg 680w, https:\/\/millitv.net\/wp-content\/uploads\/2024\/06\/nhgmtymjydj-262x300.jpg 262w\" sizes=\"auto, (max-width: 680px) 100vw, 680px\" \/><\/figure>\n","protected":false},"excerpt":{"rendered":"<p>AZ\u018fRBAYCAN RESPUBL\u0130KASININ PREZ\u0130DENT\u0130 \u0130LHAM \u018fL\u0130YEV C\u018fNABLARINA \u201cDe Media\u201d \u015firk\u0259tinin qurucusu Bahadur Seyidovdan a\u00e7\u0131q m\u0259ktub H\u00f6rm\u0259tli C\u0259nab Prezident! \u018fvv\u0259lc\u0259 icaz\u0259 verin &#8211; Siz\u0259 Az\u0259rbaycan Respublikas\u0131n\u0131n Prezidentin\u0259, Silahl\u0131 Q\u00fcvv\u0259l\u0259rin Ali Ba\u015f Komandan\u0131na q\u0259rin\u0259l\u0259r boyu davam ed\u0259n i\u015f\u011fala son qoyaraq, \u0259razi b\u00fct\u00f6vl\u00fcy\u00fcm\u00fcz\u00fcn t\u0259min olunmas\u0131 il\u0259 ba\u011fl\u0131 qazand\u0131\u011f\u0131n\u0131z miqyasag\u0259lm\u0259z q\u0259l\u0259b\u0259y\u0259 g\u00f6r\u0259 bir daha minn\u0259tdarl\u0131\u011f\u0131m\u0131 bildirim, bundan sonrak\u0131 i\u015fl\u0259rinizd\u0259 Siz\u0259 &hellip;<\/p>\n","protected":false},"author":1,"featured_media":13277,"comment_status":"open","ping_status":"closed","sticky":false,"template":"","format":"standard","meta":{"footnotes":""},"categories":[1],"tags":[],"class_list":["post-13276","post","type-post","status-publish","format-standard","has-post-thumbnail","hentry","category-idman"],"_links":{"self":[{"href":"https:\/\/millitv.net\/index.php?rest_route=\/wp\/v2\/posts\/13276","targetHints":{"allow":["GET"]}}],"collection":[{"href":"https:\/\/millitv.net\/index.php?rest_route=\/wp\/v2\/posts"}],"about":[{"href":"https:\/\/millitv.net\/index.php?rest_route=\/wp\/v2\/types\/post"}],"author":[{"embeddable":true,"href":"https:\/\/millitv.net\/index.php?rest_route=\/wp\/v2\/users\/1"}],"replies":[{"embeddable":true,"href":"https:\/\/millitv.net\/index.php?rest_route=%2Fwp%2Fv2%2Fcomments&post=13276"}],"version-history":[{"count":3,"href":"https:\/\/millitv.net\/index.php?rest_route=\/wp\/v2\/posts\/13276\/revisions"}],"predecessor-version":[{"id":13284,"href":"https:\/\/millitv.net\/index.php?rest_route=\/wp\/v2\/posts\/13276\/revisions\/13284"}],"wp:featuredmedia":[{"embeddable":true,"href":"https:\/\/millitv.net\/index.php?rest_route=\/wp\/v2\/media\/13277"}],"wp:attachment":[{"href":"https:\/\/millitv.net\/index.php?rest_route=%2Fwp%2Fv2%2Fmedia&parent=13276"}],"wp:term":[{"taxonomy":"category","embeddable":true,"href":"https:\/\/millitv.net\/index.php?rest_route=%2Fwp%2Fv2%2Fcategories&post=13276"},{"taxonomy":"post_tag","embeddable":true,"href":"https:\/\/millitv.net\/index.php?rest_route=%2Fwp%2Fv2%2Ftags&post=13276"}],"curies":[{"name":"wp","href":"https:\/\/api.w.org\/{rel}","templated":true}]}}