{"id":13194,"date":"2024-06-28T15:44:00","date_gmt":"2024-06-28T15:44:00","guid":{"rendered":"https:\/\/millitv.net\/?p=13194"},"modified":"2024-06-30T05:11:24","modified_gmt":"2024-06-30T05:11:24","slug":"az%C9%99rbaycanin-%C9%99n-yarasiqli-kisi-modeli-taninmaz-halda-foto","status":"publish","type":"post","link":"https:\/\/millitv.net\/?p=13194","title":{"rendered":"Az\u0259rbaycan\u0131n \u0259n yara\u015f\u0131ql\u0131 ki\u015fi modeli TANINMAZ HALDA &#8211; FOTO"},"content":{"rendered":"\n<p>\u00d6lk\u0259mizin \u0259n yara\u015f\u0131ql\u0131 ki\u015fi modeli say\u0131lan R\u00fcst\u0259m C\u0259bray\u0131lov tan\u0131nmaz halda payla\u015fd\u0131\u011f\u0131 g\u00f6r\u00fcnt\u00fcl\u0259ri il\u0259 g\u00fcnd\u0259m\u0259 g\u0259lib.<br>Q\u0131zmar g\u00fcn\u0259\u015fli havan\u0131 f\u00fcrs\u0259t bil\u0259n podium ulduzu duzlu g\u00f6l\u0259 yollan\u0131b.<br>Orada istirah\u0259tin dad\u0131n\u0131 \u00e7\u0131xaran R\u00fcst\u0259m yar\u0131\u00e7\u0131lpaq b\u0259d\u0259nini qara pal\u00e7\u0131\u011fa b\u00fcr\u00fcy\u00fcb.<br>C\u0259bray\u0131lov h\u0259min anlar\u0131 sosial \u015f\u0259b\u0259k\u0259 hesab\u0131nda izl\u0259yicil\u0259ri il\u0259 b\u00f6l\u00fc\u015f\u00fcb. \u0130zl\u0259yicil\u0259r fotolarda R\u00fcst\u0259mi \u00e7\u0259tinlikl\u0259 tan\u0131y\u0131blar. \/ Bizim.media<br>\u00a0<\/p>\n\n\n\n<figure class=\"wp-block-image size-large\"><img loading=\"lazy\" decoding=\"async\" width=\"1024\" height=\"618\" src=\"https:\/\/millitv.net\/wp-content\/uploads\/2024\/06\/1718807012_3-1024x618.jpg\" alt=\"\" class=\"wp-image-13530\" title=\"\" srcset=\"https:\/\/millitv.net\/wp-content\/uploads\/2024\/06\/1718807012_3-1024x618.jpg 1024w, https:\/\/millitv.net\/wp-content\/uploads\/2024\/06\/1718807012_3-300x181.jpg 300w, https:\/\/millitv.net\/wp-content\/uploads\/2024\/06\/1718807012_3-768x463.jpg 768w, https:\/\/millitv.net\/wp-content\/uploads\/2024\/06\/1718807012_3-780x470.jpg 780w, https:\/\/millitv.net\/wp-content\/uploads\/2024\/06\/1718807012_3.jpg 1280w\" sizes=\"auto, (max-width: 1024px) 100vw, 1024px\" \/><\/figure>\n","protected":false},"excerpt":{"rendered":"<p>\u00d6lk\u0259mizin \u0259n yara\u015f\u0131ql\u0131 ki\u015fi modeli say\u0131lan R\u00fcst\u0259m C\u0259bray\u0131lov tan\u0131nmaz halda payla\u015fd\u0131\u011f\u0131 g\u00f6r\u00fcnt\u00fcl\u0259ri il\u0259 g\u00fcnd\u0259m\u0259 g\u0259lib.Q\u0131zmar g\u00fcn\u0259\u015fli havan\u0131 f\u00fcrs\u0259t bil\u0259n podium ulduzu duzlu g\u00f6l\u0259 yollan\u0131b.Orada istirah\u0259tin dad\u0131n\u0131 \u00e7\u0131xaran R\u00fcst\u0259m yar\u0131\u00e7\u0131lpaq b\u0259d\u0259nini qara pal\u00e7\u0131\u011fa b\u00fcr\u00fcy\u00fcb.C\u0259bray\u0131lov h\u0259min anlar\u0131 sosial \u015f\u0259b\u0259k\u0259 hesab\u0131nda izl\u0259yicil\u0259ri il\u0259 b\u00f6l\u00fc\u015f\u00fcb. \u0130zl\u0259yicil\u0259r fotolarda R\u00fcst\u0259mi \u00e7\u0259tinlikl\u0259 tan\u0131y\u0131blar. \/ Bizim.media\u00a0<\/p>\n","protected":false},"author":1,"featured_media":13195,"comment_status":"open","ping_status":"closed","sticky":false,"template":"","format":"standard","meta":{"footnotes":""},"categories":[8],"tags":[],"class_list":["post-13194","post","type-post","status-publish","format-standard","has-post-thumbnail","hentry","category-maraqli"],"_links":{"self":[{"href":"https:\/\/millitv.net\/index.php?rest_route=\/wp\/v2\/posts\/13194","targetHints":{"allow":["GET"]}}],"collection":[{"href":"https:\/\/millitv.net\/index.php?rest_route=\/wp\/v2\/posts"}],"about":[{"href":"https:\/\/millitv.net\/index.php?rest_route=\/wp\/v2\/types\/post"}],"author":[{"embeddable":true,"href":"https:\/\/millitv.net\/index.php?rest_route=\/wp\/v2\/users\/1"}],"replies":[{"embeddable":true,"href":"https:\/\/millitv.net\/index.php?rest_route=%2Fwp%2Fv2%2Fcomments&post=13194"}],"version-history":[{"count":3,"href":"https:\/\/millitv.net\/index.php?rest_route=\/wp\/v2\/posts\/13194\/revisions"}],"predecessor-version":[{"id":13532,"href":"https:\/\/millitv.net\/index.php?rest_route=\/wp\/v2\/posts\/13194\/revisions\/13532"}],"wp:featuredmedia":[{"embeddable":true,"href":"https:\/\/millitv.net\/index.php?rest_route=\/wp\/v2\/media\/13195"}],"wp:attachment":[{"href":"https:\/\/millitv.net\/index.php?rest_route=%2Fwp%2Fv2%2Fmedia&parent=13194"}],"wp:term":[{"taxonomy":"category","embeddable":true,"href":"https:\/\/millitv.net\/index.php?rest_route=%2Fwp%2Fv2%2Fcategories&post=13194"},{"taxonomy":"post_tag","embeddable":true,"href":"https:\/\/millitv.net\/index.php?rest_route=%2Fwp%2Fv2%2Ftags&post=13194"}],"curies":[{"name":"wp","href":"https:\/\/api.w.org\/{rel}","templated":true}]}}