{"id":1314,"date":"2023-10-12T22:17:16","date_gmt":"2023-10-12T22:17:16","guid":{"rendered":"https:\/\/millinews.az\/xeber\/oxu-az-s%C9%99kid%C9%99-bir-nec%C9%99-ticar%C9%99t-obyektinin-oldugu-binada-yangin-olub\/"},"modified":"2023-10-12T22:17:16","modified_gmt":"2023-10-12T22:17:16","slug":"oxu-az-s%C9%99kid%C9%99-bir-nec%C9%99-ticar%C9%99t-obyektinin-oldugu-binada-yangin-olub","status":"publish","type":"post","link":"https:\/\/millitv.net\/?p=1314","title":{"rendered":"Millinews.az &#8211; \u015e\u0259kid\u0259 bir-ne\u00e7\u0259 ticar\u0259t obyektinin oldu\u011fu binada yan\u011f\u0131n olub"},"content":{"rendered":"<p><img decoding=\"async\" src=\"https:\/\/cdn.oxu.az\/uploads\/W1siZiIsIjIwMjMvMTAvMTMvMDEvNTYvMjAvYjc1M2Y4YTgtMzQ3MC00NjVmLWEzMDYtZTEwZWQ1ZDc5NGQwLzY1Mjg2OWY0ZTMyMDE2NTI4NjlmNGUzMjAyMTY5NzE0NzM4MDY1Mjg2OWY0ZTMxZmY2NTI4NjlmNGUzMjAwLmpwZWciXSxbInAiLCJlbmNvZGUiLCJqcGciLCItcXVhbGl0eSA4MCJdLFsicCIsInRodW1iIiwiNjIweDQ2NVx1MDAzZSJdXQ?sha=b691dd72eb1f0e02\" alt=\"\" title=\"\"><\/p>\n<div>\n<p>\u015e\u0259kid\u0259 bir-ne\u00e7\u0259 ticar\u0259t obyektinin oldu\u011fu inzibati binada yan\u011f\u0131n olub.<\/p>\n<p>APA-n\u0131n m\u0259lumat\u0131na g\u00f6r\u0259, hadis\u0259 gec\u0259 saatlar\u0131nda \u015e\u0259ki \u015f\u0259h\u0259ri H. \u018fliyev prospektind\u0259 ba\u015f verib.<\/p>\n<p>\u0130kim\u0259rt\u0259b\u0259li inzibati binan\u0131n birinci m\u0259rt\u0259b\u0259sind\u0259 \u015e\u0259ki \u015f\u0259h\u0259r sakini, Rahim Baba o\u011flu C\u0259lilova m\u0259xsus \u00fcmumi sah\u0259si 12 kvadratmetr olan k\u00f6\u015fkd\u0259 yan\u011f\u0131n ba\u015f verib.<\/p>\n<p>Yan\u011f\u0131n\u0131n s\u00f6nd\u00fcr\u00fclm\u0259si \u00fc\u00e7\u00fcn \u0259raziy\u0259 F\u00f6vqalad\u0259 Hallar Nazirliyinin (FHN) \u015e\u0259ki Rayon D\u00f6vl\u0259t Yan\u011f\u0131ndan M\u00fchafiz\u0259 Hiss\u0259sinin iki yan\u011f\u0131ns\u00f6nd\u00fcr\u0259n ma\u015f\u0131n\u0131 v\u0259 \u015f\u0259xsi hey\u0259tl\u0259ri c\u0259lb edilib.<\/p>\n<p>Yan\u011f\u0131n n\u0259tic\u0259sind\u0259 k\u00f6\u015fk\u00fcn yanar konstruksiyalar\u0131 i\u00e7\u0259risind\u0259 olan su aparat\u0131 v\u0259 kondisener yan\u0131b.<\/p>\n<p>Yan\u011f\u0131n\u0131n dig\u0259r biti\u015fik ticar\u0259t obyektl\u0259rin\u0259 ke\u00e7m\u0259sinin qar\u015f\u0131s\u0131 al\u0131n\u0131b. Hadis\u0259 zaman\u0131 x\u0259sar\u0259t alan olmay\u0131b.<\/p>\n<p>Faktla ba\u011fl\u0131 ara\u015fd\u0131rma apar\u0131l\u0131r.<\/p>\n<\/div>\n","protected":false},"excerpt":{"rendered":"<p>\u015e\u0259kid\u0259 bir-ne\u00e7\u0259 ticar\u0259t obyektinin oldu\u011fu inzibati binada yan\u011f\u0131n olub. APA-n\u0131n m\u0259lumat\u0131na g\u00f6r\u0259, hadis\u0259 gec\u0259 saatlar\u0131nda \u015e\u0259ki \u015f\u0259h\u0259ri H. \u018fliyev prospektind\u0259 ba\u015f verib. \u0130kim\u0259rt\u0259b\u0259li inzibati binan\u0131n birinci m\u0259rt\u0259b\u0259sind\u0259 \u015e\u0259ki \u015f\u0259h\u0259r sakini, Rahim Baba o\u011flu C\u0259lilova m\u0259xsus \u00fcmumi sah\u0259si 12 kvadratmetr olan k\u00f6\u015fkd\u0259 yan\u011f\u0131n ba\u015f verib. Yan\u011f\u0131n\u0131n s\u00f6nd\u00fcr\u00fclm\u0259si \u00fc\u00e7\u00fcn \u0259raziy\u0259 F\u00f6vqalad\u0259 Hallar Nazirliyinin (FHN) \u015e\u0259ki Rayon D\u00f6vl\u0259t &hellip;<\/p>\n","protected":false},"author":1,"featured_media":1315,"comment_status":"open","ping_status":"closed","sticky":false,"template":"","format":"standard","meta":{"footnotes":""},"categories":[9],"tags":[],"class_list":["post-1314","post","type-post","status-publish","format-standard","has-post-thumbnail","hentry","category-xeber"],"_links":{"self":[{"href":"https:\/\/millitv.net\/index.php?rest_route=\/wp\/v2\/posts\/1314","targetHints":{"allow":["GET"]}}],"collection":[{"href":"https:\/\/millitv.net\/index.php?rest_route=\/wp\/v2\/posts"}],"about":[{"href":"https:\/\/millitv.net\/index.php?rest_route=\/wp\/v2\/types\/post"}],"author":[{"embeddable":true,"href":"https:\/\/millitv.net\/index.php?rest_route=\/wp\/v2\/users\/1"}],"replies":[{"embeddable":true,"href":"https:\/\/millitv.net\/index.php?rest_route=%2Fwp%2Fv2%2Fcomments&post=1314"}],"version-history":[{"count":0,"href":"https:\/\/millitv.net\/index.php?rest_route=\/wp\/v2\/posts\/1314\/revisions"}],"wp:featuredmedia":[{"embeddable":true,"href":"https:\/\/millitv.net\/index.php?rest_route=\/wp\/v2\/media\/1315"}],"wp:attachment":[{"href":"https:\/\/millitv.net\/index.php?rest_route=%2Fwp%2Fv2%2Fmedia&parent=1314"}],"wp:term":[{"taxonomy":"category","embeddable":true,"href":"https:\/\/millitv.net\/index.php?rest_route=%2Fwp%2Fv2%2Fcategories&post=1314"},{"taxonomy":"post_tag","embeddable":true,"href":"https:\/\/millitv.net\/index.php?rest_route=%2Fwp%2Fv2%2Ftags&post=1314"}],"curies":[{"name":"wp","href":"https:\/\/api.w.org\/{rel}","templated":true}]}}