{"id":13129,"date":"2024-07-24T08:26:00","date_gmt":"2024-07-24T08:26:00","guid":{"rendered":"https:\/\/millitv.net\/?p=13129"},"modified":"2024-07-26T05:39:10","modified_gmt":"2024-07-26T05:39:10","slug":"xalq-artisti-gec%C9%99-paltarinda-kamera-qarsisina-kecdi-video","status":"publish","type":"post","link":"https:\/\/millitv.net\/?p=13129","title":{"rendered":"Xalq artisti gec\u0259 paltar\u0131nda kamera qar\u015f\u0131s\u0131na ke\u00e7di &#8211; V\u0130DEO"},"content":{"rendered":"\n<p>Xalq artisti T\u00fcnzal\u0259 A\u011fayeva son payla\u015f\u0131m\u0131 il\u0259 mara\u011fa s\u0259b\u0259b olub.<\/p>\n\n\n\n<p>A\u00e7\u0131q-sa\u00e7\u0131q geyiml\u0259ri il\u0259 g\u00fcnd\u0259md\u0259n d\u00fc\u015fm\u0259y\u0259n s\u0259n\u0259t\u00e7i bu d\u0259f\u0259 gec\u0259 x\u0259l\u0259tind\u0259&nbsp;obyektiv qar\u015f\u0131s\u0131na ke\u00e7ib.<\/p>\n\n\n\n<p>O, bir ne\u00e7\u0259 g\u00fcn \u0259vv\u0259l etdirdiyi fotosessiyadan kadrarxas\u0131 g\u00f6r\u00fcnt\u00fcl\u0259ri 1,3 milyonluq \u201cInstagram\u201d izl\u0259yicil\u0259ri il\u0259 payla\u015f\u0131b. \/&nbsp;Yenisabah.az<\/p>\n\n\n\n<p><a href=\"https:\/\/player.bax.tv\/embed\/191295.html?utm_source=playerden&amp;utm_medium=paylasim&amp;utm_campaign=son-xeberler\" target=\"_blank\" rel=\"noopener\">https:\/\/player.bax.tv\/embed\/191295.html?utm_source=playerden&amp;utm_medium=paylasim&amp;utm_campaign=son-xeberler<\/a><\/p>\n","protected":false},"excerpt":{"rendered":"<p>Xalq artisti T\u00fcnzal\u0259 A\u011fayeva son payla\u015f\u0131m\u0131 il\u0259 mara\u011fa s\u0259b\u0259b olub. A\u00e7\u0131q-sa\u00e7\u0131q geyiml\u0259ri il\u0259 g\u00fcnd\u0259md\u0259n d\u00fc\u015fm\u0259y\u0259n s\u0259n\u0259t\u00e7i bu d\u0259f\u0259 gec\u0259 x\u0259l\u0259tind\u0259&nbsp;obyektiv qar\u015f\u0131s\u0131na ke\u00e7ib. O, bir ne\u00e7\u0259 g\u00fcn \u0259vv\u0259l etdirdiyi fotosessiyadan kadrarxas\u0131 g\u00f6r\u00fcnt\u00fcl\u0259ri 1,3 milyonluq \u201cInstagram\u201d izl\u0259yicil\u0259ri il\u0259 payla\u015f\u0131b. \/&nbsp;Yenisabah.az https:\/\/player.bax.tv\/embed\/191295.html?utm_source=playerden&amp;utm_medium=paylasim&amp;utm_campaign=son-xeberler<\/p>\n","protected":false},"author":1,"featured_media":13130,"comment_status":"open","ping_status":"closed","sticky":false,"template":"","format":"standard","meta":{"footnotes":""},"categories":[3,6],"tags":[],"class_list":["post-13129","post","type-post","status-publish","format-standard","has-post-thumbnail","hentry","category-olke","category-maqazin"],"_links":{"self":[{"href":"https:\/\/millitv.net\/index.php?rest_route=\/wp\/v2\/posts\/13129","targetHints":{"allow":["GET"]}}],"collection":[{"href":"https:\/\/millitv.net\/index.php?rest_route=\/wp\/v2\/posts"}],"about":[{"href":"https:\/\/millitv.net\/index.php?rest_route=\/wp\/v2\/types\/post"}],"author":[{"embeddable":true,"href":"https:\/\/millitv.net\/index.php?rest_route=\/wp\/v2\/users\/1"}],"replies":[{"embeddable":true,"href":"https:\/\/millitv.net\/index.php?rest_route=%2Fwp%2Fv2%2Fcomments&post=13129"}],"version-history":[{"count":1,"href":"https:\/\/millitv.net\/index.php?rest_route=\/wp\/v2\/posts\/13129\/revisions"}],"predecessor-version":[{"id":13131,"href":"https:\/\/millitv.net\/index.php?rest_route=\/wp\/v2\/posts\/13129\/revisions\/13131"}],"wp:featuredmedia":[{"embeddable":true,"href":"https:\/\/millitv.net\/index.php?rest_route=\/wp\/v2\/media\/13130"}],"wp:attachment":[{"href":"https:\/\/millitv.net\/index.php?rest_route=%2Fwp%2Fv2%2Fmedia&parent=13129"}],"wp:term":[{"taxonomy":"category","embeddable":true,"href":"https:\/\/millitv.net\/index.php?rest_route=%2Fwp%2Fv2%2Fcategories&post=13129"},{"taxonomy":"post_tag","embeddable":true,"href":"https:\/\/millitv.net\/index.php?rest_route=%2Fwp%2Fv2%2Ftags&post=13129"}],"curies":[{"name":"wp","href":"https:\/\/api.w.org\/{rel}","templated":true}]}}