{"id":13089,"date":"2024-08-20T04:12:00","date_gmt":"2024-08-20T04:12:00","guid":{"rendered":"https:\/\/millitv.net\/?p=13089"},"modified":"2024-08-21T20:48:04","modified_gmt":"2024-08-21T20:48:04","slug":"x%C9%99yan%C9%99t-ed%C9%99n-kisinin-yasamaga-haqqi-yoxdur-olm%C9%99lidir-muzakir%C9%99l%C9%99r%C9%99-s%C9%99b%C9%99b-olan-video","status":"publish","type":"post","link":"https:\/\/millitv.net\/?p=13089","title":{"rendered":"X\u0259yan\u0259t ed\u0259n ki\u015finin ya\u015fama\u011fa haqq\u0131 yoxdur, \u00f6lm\u0259lidir &#8211; Bak\u0131 sakininin m\u00fczakir\u0259l\u0259r\u0259 s\u0259b\u0259b olan s\u00f6zl\u0259ri &#8211; V\u0130DEO"},"content":{"rendered":"\n<p>Sosial mediada ya\u015fl\u0131 ki\u015finin x\u0259yan\u0259t bar\u0259d\u0259 dediyi fikirl\u0259r maraqla qar\u015f\u0131lan\u0131b. O bildirib ki, ki\u015fi qad\u0131n\u0131na x\u0259yan\u0259t etm\u0259m\u0259lidir. Sakinin s\u00f6zl\u0259rin\u0259 g\u00f6r\u0259, x\u0259yan\u0259t ed\u0259n ki\u015fil\u0259rin ya\u015famaq haqq\u0131 yoxdur. Ya\u015fl\u0131 ki\u015finin fikirl\u0259ri sosial mediada m\u00fczakir\u0259l\u0259r\u0259 s\u0259b\u0259b olub.\u00a0<\/p>\n\n\n\n<p><a href=\"https:\/\/fb.watch\/sK82wDgOL0\" target=\"_blank\" rel=\"noopener\">https:\/\/fb.watch\/sK82wDgOL0<\/a><\/p>\n","protected":false},"excerpt":{"rendered":"<p>Sosial mediada ya\u015fl\u0131 ki\u015finin x\u0259yan\u0259t bar\u0259d\u0259 dediyi fikirl\u0259r maraqla qar\u015f\u0131lan\u0131b. O bildirib ki, ki\u015fi qad\u0131n\u0131na x\u0259yan\u0259t etm\u0259m\u0259lidir. Sakinin s\u00f6zl\u0259rin\u0259 g\u00f6r\u0259, x\u0259yan\u0259t ed\u0259n ki\u015fil\u0259rin ya\u015famaq haqq\u0131 yoxdur. Ya\u015fl\u0131 ki\u015finin fikirl\u0259ri sosial mediada m\u00fczakir\u0259l\u0259r\u0259 s\u0259b\u0259b olub.\u00a0 https:\/\/fb.watch\/sK82wDgOL0<\/p>\n","protected":false},"author":1,"featured_media":13091,"comment_status":"open","ping_status":"closed","sticky":false,"template":"","format":"standard","meta":{"footnotes":""},"categories":[8,6,3],"tags":[],"class_list":["post-13089","post","type-post","status-publish","format-standard","has-post-thumbnail","hentry","category-maraqli","category-maqazin","category-olke"],"_links":{"self":[{"href":"https:\/\/millitv.net\/index.php?rest_route=\/wp\/v2\/posts\/13089","targetHints":{"allow":["GET"]}}],"collection":[{"href":"https:\/\/millitv.net\/index.php?rest_route=\/wp\/v2\/posts"}],"about":[{"href":"https:\/\/millitv.net\/index.php?rest_route=\/wp\/v2\/types\/post"}],"author":[{"embeddable":true,"href":"https:\/\/millitv.net\/index.php?rest_route=\/wp\/v2\/users\/1"}],"replies":[{"embeddable":true,"href":"https:\/\/millitv.net\/index.php?rest_route=%2Fwp%2Fv2%2Fcomments&post=13089"}],"version-history":[{"count":2,"href":"https:\/\/millitv.net\/index.php?rest_route=\/wp\/v2\/posts\/13089\/revisions"}],"predecessor-version":[{"id":14602,"href":"https:\/\/millitv.net\/index.php?rest_route=\/wp\/v2\/posts\/13089\/revisions\/14602"}],"wp:featuredmedia":[{"embeddable":true,"href":"https:\/\/millitv.net\/index.php?rest_route=\/wp\/v2\/media\/13091"}],"wp:attachment":[{"href":"https:\/\/millitv.net\/index.php?rest_route=%2Fwp%2Fv2%2Fmedia&parent=13089"}],"wp:term":[{"taxonomy":"category","embeddable":true,"href":"https:\/\/millitv.net\/index.php?rest_route=%2Fwp%2Fv2%2Fcategories&post=13089"},{"taxonomy":"post_tag","embeddable":true,"href":"https:\/\/millitv.net\/index.php?rest_route=%2Fwp%2Fv2%2Ftags&post=13089"}],"curies":[{"name":"wp","href":"https:\/\/api.w.org\/{rel}","templated":true}]}}