{"id":12858,"date":"2024-08-20T05:32:00","date_gmt":"2024-08-20T05:32:00","guid":{"rendered":"https:\/\/millitv.net\/?p=12858"},"modified":"2024-08-21T21:03:20","modified_gmt":"2024-08-21T21:03:20","slug":"xatir%C9%99-efir%C9%99-d%C9%99rin-razrezli-geyimd%C9%99-qatildi-video","status":"publish","type":"post","link":"https:\/\/millitv.net\/?p=12858","title":{"rendered":"Xatir\u0259 efir\u0259 el\u0259 bir geyimd\u0259 g\u0259ldi ki&#8230; &#8211; V\u0130DEO"},"content":{"rendered":"\n<p>M\u00fc\u011f\u0259nni Xatir\u0259 \u0130slam ARB televiziyas\u0131nda &#8220;H\u0259min Zaur&#8221; verili\u015finin qona\u011f\u0131 olub. M\u00fc\u011f\u0259nni verili\u015f\u0259 d\u0259rin yar\u0131ql\u0131 geyimi il\u0259 qat\u0131l\u0131b. M\u00fc\u011f\u0259nninin a\u00e7\u0131q geyimi birm\u0259nal\u0131 qar\u015f\u0131lanmay\u0131b. H\u0259min g\u00f6r\u00fcnt\u00fcl\u0259ri t\u0259qdim edirik:<\/p>\n\n\n\n<p><a href=\"https:\/\/fb.watch\/sAZ-84yy6S\" target=\"_blank\" rel=\"noopener\">https:\/\/fb.watch\/sAZ-84yy6S<\/a><\/p>\n","protected":false},"excerpt":{"rendered":"<p>M\u00fc\u011f\u0259nni Xatir\u0259 \u0130slam ARB televiziyas\u0131nda &#8220;H\u0259min Zaur&#8221; verili\u015finin qona\u011f\u0131 olub. M\u00fc\u011f\u0259nni verili\u015f\u0259 d\u0259rin yar\u0131ql\u0131 geyimi il\u0259 qat\u0131l\u0131b. M\u00fc\u011f\u0259nninin a\u00e7\u0131q geyimi birm\u0259nal\u0131 qar\u015f\u0131lanmay\u0131b. H\u0259min g\u00f6r\u00fcnt\u00fcl\u0259ri t\u0259qdim edirik: https:\/\/fb.watch\/sAZ-84yy6S<\/p>\n","protected":false},"author":1,"featured_media":12859,"comment_status":"open","ping_status":"closed","sticky":false,"template":"","format":"standard","meta":{"footnotes":""},"categories":[6,8,3],"tags":[],"class_list":["post-12858","post","type-post","status-publish","format-standard","has-post-thumbnail","hentry","category-maqazin","category-maraqli","category-olke"],"_links":{"self":[{"href":"https:\/\/millitv.net\/index.php?rest_route=\/wp\/v2\/posts\/12858","targetHints":{"allow":["GET"]}}],"collection":[{"href":"https:\/\/millitv.net\/index.php?rest_route=\/wp\/v2\/posts"}],"about":[{"href":"https:\/\/millitv.net\/index.php?rest_route=\/wp\/v2\/types\/post"}],"author":[{"embeddable":true,"href":"https:\/\/millitv.net\/index.php?rest_route=\/wp\/v2\/users\/1"}],"replies":[{"embeddable":true,"href":"https:\/\/millitv.net\/index.php?rest_route=%2Fwp%2Fv2%2Fcomments&post=12858"}],"version-history":[{"count":2,"href":"https:\/\/millitv.net\/index.php?rest_route=\/wp\/v2\/posts\/12858\/revisions"}],"predecessor-version":[{"id":14603,"href":"https:\/\/millitv.net\/index.php?rest_route=\/wp\/v2\/posts\/12858\/revisions\/14603"}],"wp:featuredmedia":[{"embeddable":true,"href":"https:\/\/millitv.net\/index.php?rest_route=\/wp\/v2\/media\/12859"}],"wp:attachment":[{"href":"https:\/\/millitv.net\/index.php?rest_route=%2Fwp%2Fv2%2Fmedia&parent=12858"}],"wp:term":[{"taxonomy":"category","embeddable":true,"href":"https:\/\/millitv.net\/index.php?rest_route=%2Fwp%2Fv2%2Fcategories&post=12858"},{"taxonomy":"post_tag","embeddable":true,"href":"https:\/\/millitv.net\/index.php?rest_route=%2Fwp%2Fv2%2Ftags&post=12858"}],"curies":[{"name":"wp","href":"https:\/\/api.w.org\/{rel}","templated":true}]}}