{"id":1274,"date":"2023-10-12T19:18:26","date_gmt":"2023-10-12T19:18:26","guid":{"rendered":"https:\/\/millinews.az\/xeber\/nato-araliq-d%C9%99nizind%C9%99-nuv%C9%99-t%C9%99liml%C9%99rin%C9%99-baslayacaq\/"},"modified":"2023-10-12T19:18:26","modified_gmt":"2023-10-12T19:18:26","slug":"nato-araliq-d%C9%99nizind%C9%99-nuv%C9%99-t%C9%99liml%C9%99rin%C9%99-baslayacaq","status":"publish","type":"post","link":"https:\/\/millitv.net\/?p=1274","title":{"rendered":"NATO Aral\u0131q d\u0259nizind\u0259 n\u00fcv\u0259 t\u0259liml\u0259rin\u0259 ba\u015flayacaq"},"content":{"rendered":"<p><img decoding=\"async\" src=\"https:\/\/cdn.oxu.az\/uploads\/W1siZiIsIjIwMjMvMTAvMTIvMjMvMTIvMDcvNjk0NDM2MzYtZDYxZS00ZTdmLThkZmQtMTQzYTcwOWY5YTM4L0ZvdG9KZXQgLSAyMDIzLTEwLTEyVDIzMDczNC42MjcuanBnIl0sWyJwIiwiZW5jb2RlIiwianBnIiwiLXF1YWxpdHkgODAiXSxbInAiLCJ0aHVtYiIsIjYyMHg0NjVcdTAwM2UiXV0?sha=92fea3d1027674b4\" alt=\"\" title=\"\"><\/p>\n<div>\n<p>NATO-nun ba\u015f katibi Yens Stoltenberq bildirib ki, alyans g\u0259l\u0259n h\u0259ft\u0259 Aral\u0131q d\u0259nizind\u0259 \u201cillik olaraq planla\u015fd\u0131r\u0131lan\u201d \u201cSteadfast Noon\u201d n\u00fcv\u0259 t\u0259limin\u0259 ba\u015flayacaq.<\/p>\n<p>Onun s\u00f6zl\u0259rin\u0259 g\u00f6r\u0259, bu t\u0259liml\u0259r NATO-nun b\u00fct\u00fcn m\u00fctt\u0259fiql\u0259rini qoruyaca\u011f\u0131na dair a\u00e7\u0131q siqnal verir.<\/p>\n<p>Stoltenberq qar\u015f\u0131dan g\u0259l\u0259n manevrl\u0259rin parametrl\u0259rini a\u00e7\u0131qlamay\u0131b. Lakin NATO t\u0259cr\u00fcb\u0259sin\u0259 \u0259sas\u0259n, t\u0259liml\u0259rd\u0259 alyans\u0131n h\u0259m n\u00fcv\u0259, h\u0259m d\u0259 qeyri-n\u00fcv\u0259 d\u00f6vl\u0259tl\u0259rinin hava v\u0259 d\u0259niz q\u00fcvv\u0259l\u0259ri i\u015ftirak edir.<\/p>\n<p>M\u0259nb\u0259: TASS<\/p>\n<\/div>\n","protected":false},"excerpt":{"rendered":"<p>NATO-nun ba\u015f katibi Yens Stoltenberq bildirib ki, alyans g\u0259l\u0259n h\u0259ft\u0259 Aral\u0131q d\u0259nizind\u0259 \u201cillik olaraq planla\u015fd\u0131r\u0131lan\u201d \u201cSteadfast Noon\u201d n\u00fcv\u0259 t\u0259limin\u0259 ba\u015flayacaq. Onun s\u00f6zl\u0259rin\u0259 g\u00f6r\u0259, bu t\u0259liml\u0259r NATO-nun b\u00fct\u00fcn m\u00fctt\u0259fiql\u0259rini qoruyaca\u011f\u0131na dair a\u00e7\u0131q siqnal verir. Stoltenberq qar\u015f\u0131dan g\u0259l\u0259n manevrl\u0259rin parametrl\u0259rini a\u00e7\u0131qlamay\u0131b. Lakin NATO t\u0259cr\u00fcb\u0259sin\u0259 \u0259sas\u0259n, t\u0259liml\u0259rd\u0259 alyans\u0131n h\u0259m n\u00fcv\u0259, h\u0259m d\u0259 qeyri-n\u00fcv\u0259 d\u00f6vl\u0259tl\u0259rinin hava v\u0259 d\u0259niz q\u00fcvv\u0259l\u0259ri &hellip;<\/p>\n","protected":false},"author":1,"featured_media":1275,"comment_status":"open","ping_status":"closed","sticky":false,"template":"","format":"standard","meta":{"footnotes":""},"categories":[9],"tags":[],"class_list":["post-1274","post","type-post","status-publish","format-standard","has-post-thumbnail","hentry","category-xeber"],"_links":{"self":[{"href":"https:\/\/millitv.net\/index.php?rest_route=\/wp\/v2\/posts\/1274","targetHints":{"allow":["GET"]}}],"collection":[{"href":"https:\/\/millitv.net\/index.php?rest_route=\/wp\/v2\/posts"}],"about":[{"href":"https:\/\/millitv.net\/index.php?rest_route=\/wp\/v2\/types\/post"}],"author":[{"embeddable":true,"href":"https:\/\/millitv.net\/index.php?rest_route=\/wp\/v2\/users\/1"}],"replies":[{"embeddable":true,"href":"https:\/\/millitv.net\/index.php?rest_route=%2Fwp%2Fv2%2Fcomments&post=1274"}],"version-history":[{"count":0,"href":"https:\/\/millitv.net\/index.php?rest_route=\/wp\/v2\/posts\/1274\/revisions"}],"wp:featuredmedia":[{"embeddable":true,"href":"https:\/\/millitv.net\/index.php?rest_route=\/wp\/v2\/media\/1275"}],"wp:attachment":[{"href":"https:\/\/millitv.net\/index.php?rest_route=%2Fwp%2Fv2%2Fmedia&parent=1274"}],"wp:term":[{"taxonomy":"category","embeddable":true,"href":"https:\/\/millitv.net\/index.php?rest_route=%2Fwp%2Fv2%2Fcategories&post=1274"},{"taxonomy":"post_tag","embeddable":true,"href":"https:\/\/millitv.net\/index.php?rest_route=%2Fwp%2Fv2%2Ftags&post=1274"}],"curies":[{"name":"wp","href":"https:\/\/api.w.org\/{rel}","templated":true}]}}