{"id":12681,"date":"2024-07-12T18:39:00","date_gmt":"2024-07-12T18:39:00","guid":{"rendered":"https:\/\/millitv.net\/?p=12681"},"modified":"2024-07-13T04:33:05","modified_gmt":"2024-07-13T04:33:05","slug":"erim-olmadigina-gor%C9%99-cazib%C9%99dar-mug%C9%99nnid%C9%99n-sok-aciqlama-foto","status":"publish","type":"post","link":"https:\/\/millitv.net\/?p=12681","title":{"rendered":"\u018frim olmad\u0131\u011f\u0131na g\u00f6r\u0259\u2026 &#8211; Cazib\u0259dar m\u00fc\u011f\u0259nnid\u0259n \u015fok a\u00e7\u0131qlama &#8211; FOTO"},"content":{"rendered":"\n<p>Efir\u0259 ilk add\u0131mlar\u0131n\u0131 atan g\u0259nc ifa\u00e7\u0131 Ajlan &#8220;H\u0259min Zaur&#8221;da qonaq olub.<\/p>\n\n\n\n<p>Xan\u0131m ifa\u00e7\u0131 apar\u0131c\u0131 Zaur Kamala efir\u0259 gecikm\u0259 s\u0259b\u0259bini a\u00e7\u0131qlay\u0131b:<\/p>\n\n\n\n<p>&#8220;Gecikdiyim \u00fc\u00e7\u00fcn \u00fczr ist\u0259yir\u0259m. Bura yax\u0131n qal\u0131ram. Amma siz\u0259 s\u0259mimi olaraq gecikm\u0259 s\u0259b\u0259bimi des\u0259m inanmayacaqs\u0131n\u0131z. Q\u0131z\u0131m\u0131 m\u0259kt\u0259bd\u0259n gpt\u00fcrm\u0259liydim, ona g\u00f6r\u0259 gecikdim biraz&#8221;.<\/p>\n\n\n\n<p>Apar\u0131c\u0131 Ajlana &#8220;N\u0259n\u0259si, babas\u0131, h\u0259yat yolda\u015f\u0131n harda idi b\u0259s?&#8221; sual\u0131 il\u0259 reaksiya verib. \u0130fa\u00e7\u0131 bildirib ki, &#8220;N\u0259n\u0259si biraz bizd\u0259n uzaqda qal\u0131r. Qald\u0131 ki, h\u0259yat yolda\u015f\u0131na, h\u0259yat yolda\u015f\u0131m olsayd\u0131 m\u0259n m\u00fc\u011f\u0259nni ola bilm\u0259zdim. O, icaz\u0259 verm\u0259zdi buna. H\u0259yat yolda\u015f\u0131m yoxdur. M\u0259n 5 il \u00f6nc\u0259 evliliyimi bitirmi\u015f\u0259m. Yoxsa o m\u0259n\u0259 icaz\u0259 verm\u0259zdi ifa\u00e7\u0131l\u0131q edim&#8221;. \/ Milli.az<\/p>\n\n\n\n<figure class=\"wp-block-image\"><img decoding=\"async\" src=\"https:\/\/showmedia.az\/uploads\/image\/min\/2024-06\/665e0dac08a35202406243836.jpg\" alt=\"665e0dac08a35202406243836\" title=\"\"><\/figure>\n","protected":false},"excerpt":{"rendered":"<p>Efir\u0259 ilk add\u0131mlar\u0131n\u0131 atan g\u0259nc ifa\u00e7\u0131 Ajlan &#8220;H\u0259min Zaur&#8221;da qonaq olub. Xan\u0131m ifa\u00e7\u0131 apar\u0131c\u0131 Zaur Kamala efir\u0259 gecikm\u0259 s\u0259b\u0259bini a\u00e7\u0131qlay\u0131b: &#8220;Gecikdiyim \u00fc\u00e7\u00fcn \u00fczr ist\u0259yir\u0259m. Bura yax\u0131n qal\u0131ram. Amma siz\u0259 s\u0259mimi olaraq gecikm\u0259 s\u0259b\u0259bimi des\u0259m inanmayacaqs\u0131n\u0131z. Q\u0131z\u0131m\u0131 m\u0259kt\u0259bd\u0259n gpt\u00fcrm\u0259liydim, ona g\u00f6r\u0259 gecikdim biraz&#8221;. Apar\u0131c\u0131 Ajlana &#8220;N\u0259n\u0259si, babas\u0131, h\u0259yat yolda\u015f\u0131n harda idi b\u0259s?&#8221; sual\u0131 il\u0259 reaksiya verib. &hellip;<\/p>\n","protected":false},"author":1,"featured_media":12682,"comment_status":"open","ping_status":"closed","sticky":false,"template":"","format":"standard","meta":{"footnotes":""},"categories":[1],"tags":[],"class_list":["post-12681","post","type-post","status-publish","format-standard","has-post-thumbnail","hentry","category-idman"],"_links":{"self":[{"href":"https:\/\/millitv.net\/index.php?rest_route=\/wp\/v2\/posts\/12681","targetHints":{"allow":["GET"]}}],"collection":[{"href":"https:\/\/millitv.net\/index.php?rest_route=\/wp\/v2\/posts"}],"about":[{"href":"https:\/\/millitv.net\/index.php?rest_route=\/wp\/v2\/types\/post"}],"author":[{"embeddable":true,"href":"https:\/\/millitv.net\/index.php?rest_route=\/wp\/v2\/users\/1"}],"replies":[{"embeddable":true,"href":"https:\/\/millitv.net\/index.php?rest_route=%2Fwp%2Fv2%2Fcomments&post=12681"}],"version-history":[{"count":1,"href":"https:\/\/millitv.net\/index.php?rest_route=\/wp\/v2\/posts\/12681\/revisions"}],"predecessor-version":[{"id":12683,"href":"https:\/\/millitv.net\/index.php?rest_route=\/wp\/v2\/posts\/12681\/revisions\/12683"}],"wp:featuredmedia":[{"embeddable":true,"href":"https:\/\/millitv.net\/index.php?rest_route=\/wp\/v2\/media\/12682"}],"wp:attachment":[{"href":"https:\/\/millitv.net\/index.php?rest_route=%2Fwp%2Fv2%2Fmedia&parent=12681"}],"wp:term":[{"taxonomy":"category","embeddable":true,"href":"https:\/\/millitv.net\/index.php?rest_route=%2Fwp%2Fv2%2Fcategories&post=12681"},{"taxonomy":"post_tag","embeddable":true,"href":"https:\/\/millitv.net\/index.php?rest_route=%2Fwp%2Fv2%2Ftags&post=12681"}],"curies":[{"name":"wp","href":"https:\/\/api.w.org\/{rel}","templated":true}]}}