{"id":1263,"date":"2023-10-12T18:22:12","date_gmt":"2023-10-12T18:22:12","guid":{"rendered":"https:\/\/millinews.az\/xeber\/gurcustanda-az%C9%99rbaycanli-s%C9%99xs-gull%C9%99l%C9%99n%C9%99r%C9%99k-q%C9%99tl%C9%99-yetirilib\/"},"modified":"2023-10-12T18:22:12","modified_gmt":"2023-10-12T18:22:12","slug":"gurcustanda-az%C9%99rbaycanli-s%C9%99xs-gull%C9%99l%C9%99n%C9%99r%C9%99k-q%C9%99tl%C9%99-yetirilib","status":"publish","type":"post","link":"https:\/\/millitv.net\/?p=1263","title":{"rendered":"G\u00fcrc\u00fcstanda az\u0259rbaycanl\u0131 \u015f\u0259xs g\u00fcll\u0259l\u0259n\u0259r\u0259k q\u0259tl\u0259 yetirilib"},"content":{"rendered":"<p><img decoding=\"async\" src=\"https:\/\/cdn.oxu.az\/uploads\/W1siZiIsIjIwMjMvMTAvMTIvMjIvMDIvMDAvYzc5YjZkOTgtMzZlYS00YTAxLTg3YmYtOTkzNmZjZDQ1YTljLzY1MjgzNDJmYzhjODc2NTI4MzQyZmM4Yzg4MTY5NzEzMzYxNTY1MjgzNDJmYzhjODQ2NTI4MzQyZmM4Yzg1LmpwZyJdLFsicCIsImVuY29kZSIsImpwZyIsIi1xdWFsaXR5IDgwIl0sWyJwIiwidGh1bWIiLCI2MjB4NDY1XHUwMDNlIl1d?sha=61244b06fb4f84ef\" alt=\"\" title=\"\"><\/p>\n<div>\n<p>G\u00fcrc\u00fcstanda az\u0259rbaycanl\u0131lar\u0131n kompakt ya\u015fad\u0131\u011f\u0131 Marneuli b\u0259l\u0259diyy\u0259sind\u0259 orta ya\u015fl\u0131 az\u0259rbaycanl\u0131 ki\u015fi g\u00fcll\u0259l\u0259nib.<\/p>\n<p>APA x\u0259b\u0259r verir ki, insident yerli vaxtla saat 20:30-da \u015f\u0259h\u0259rin Nizami G\u0259nc\u0259vi k\u00fc\u00e7\u0259sind\u0259 ba\u015f verib.<\/p>\n<p>G\u00fcll\u0259l\u0259n\u0259n \u015f\u0259xsin Marneuli sakini Rasim G\u0259r\u0259hm\u0259zli oldu\u011fu bildirilib.<\/p>\n<p>O, ald\u0131\u011f\u0131 g\u00fcll\u0259 yaras\u0131ndan yerind\u0259c\u0259 ke\u00e7inib.<\/p>\n<p>\u018fraziy\u0259 polis c\u0259lb olunub, faktla ba\u011fl\u0131 istintaq ba\u015flad\u0131l\u0131b.<\/p>\n<\/div>\n","protected":false},"excerpt":{"rendered":"<p>G\u00fcrc\u00fcstanda az\u0259rbaycanl\u0131lar\u0131n kompakt ya\u015fad\u0131\u011f\u0131 Marneuli b\u0259l\u0259diyy\u0259sind\u0259 orta ya\u015fl\u0131 az\u0259rbaycanl\u0131 ki\u015fi g\u00fcll\u0259l\u0259nib. APA x\u0259b\u0259r verir ki, insident yerli vaxtla saat 20:30-da \u015f\u0259h\u0259rin Nizami G\u0259nc\u0259vi k\u00fc\u00e7\u0259sind\u0259 ba\u015f verib. G\u00fcll\u0259l\u0259n\u0259n \u015f\u0259xsin Marneuli sakini Rasim G\u0259r\u0259hm\u0259zli oldu\u011fu bildirilib. O, ald\u0131\u011f\u0131 g\u00fcll\u0259 yaras\u0131ndan yerind\u0259c\u0259 ke\u00e7inib. \u018fraziy\u0259 polis c\u0259lb olunub, faktla ba\u011fl\u0131 istintaq ba\u015flad\u0131l\u0131b.<\/p>\n","protected":false},"author":1,"featured_media":1264,"comment_status":"open","ping_status":"closed","sticky":false,"template":"","format":"standard","meta":{"footnotes":""},"categories":[9],"tags":[],"class_list":["post-1263","post","type-post","status-publish","format-standard","has-post-thumbnail","hentry","category-xeber"],"_links":{"self":[{"href":"https:\/\/millitv.net\/index.php?rest_route=\/wp\/v2\/posts\/1263","targetHints":{"allow":["GET"]}}],"collection":[{"href":"https:\/\/millitv.net\/index.php?rest_route=\/wp\/v2\/posts"}],"about":[{"href":"https:\/\/millitv.net\/index.php?rest_route=\/wp\/v2\/types\/post"}],"author":[{"embeddable":true,"href":"https:\/\/millitv.net\/index.php?rest_route=\/wp\/v2\/users\/1"}],"replies":[{"embeddable":true,"href":"https:\/\/millitv.net\/index.php?rest_route=%2Fwp%2Fv2%2Fcomments&post=1263"}],"version-history":[{"count":0,"href":"https:\/\/millitv.net\/index.php?rest_route=\/wp\/v2\/posts\/1263\/revisions"}],"wp:featuredmedia":[{"embeddable":true,"href":"https:\/\/millitv.net\/index.php?rest_route=\/wp\/v2\/media\/1264"}],"wp:attachment":[{"href":"https:\/\/millitv.net\/index.php?rest_route=%2Fwp%2Fv2%2Fmedia&parent=1263"}],"wp:term":[{"taxonomy":"category","embeddable":true,"href":"https:\/\/millitv.net\/index.php?rest_route=%2Fwp%2Fv2%2Fcategories&post=1263"},{"taxonomy":"post_tag","embeddable":true,"href":"https:\/\/millitv.net\/index.php?rest_route=%2Fwp%2Fv2%2Ftags&post=1263"}],"curies":[{"name":"wp","href":"https:\/\/api.w.org\/{rel}","templated":true}]}}