{"id":12609,"date":"2024-06-05T07:36:00","date_gmt":"2024-06-05T07:36:00","guid":{"rendered":"https:\/\/millitv.net\/?p=12609"},"modified":"2024-06-06T20:19:28","modified_gmt":"2024-06-06T20:19:28","slug":"255-minlik-bmw-vip-nomr%C9%99-bahali-t%C9%99rz-bala%C9%99liyl%C9%99-bagli-sok-iddia-foto","status":"publish","type":"post","link":"https:\/\/millitv.net\/?p=12609","title":{"rendered":"255 minlik BMW, vip n\u00f6mr\u0259, bahal\u0131 t\u0259rz\u2026 &#8211; Bala\u0259liyl\u0259 ba\u011fl\u0131 \u015fok iddia &#8211; FOTO"},"content":{"rendered":"\n<p>Meyxana\u00e7\u0131 Bala\u0259li Ma\u015fta\u011fal\u0131n\u0131n (Bala \u018fli Rzayev) bir m\u00fcdd\u0259t \u00f6nc\u0259 \u00f6z\u00fcn\u0259 l\u00fcks avtomobil almas\u0131 m\u00fczakir\u0259l\u0259r\u0259 s\u0259b\u0259b oldu.&nbsp;<\/p>\n\n\n\n<p>37 ya\u015fl\u0131 s\u00f6z ustad\u0131n\u0131n BMW X7 markal\u0131 avtomobilinin 2023-c\u00fc il modelinin qiym\u0259ti 255 min manatd\u0131r.&nbsp;<\/p>\n\n\n\n<p>Bala\u0259linin z\u0259ngin h\u0259yat t\u0259rzi ke\u00e7irm\u0259sin\u0259 \u015f\u00fcbh\u0259 ed\u0259nl\u0259r d\u0259 var. B\u0259zi adamlar d\u00fc\u015f\u00fcn\u00fcr ki, meyxana\u00e7\u0131n\u0131n idar\u0259 etdiyi bahal\u0131 avtomobill\u0259r, o c\u00fcml\u0259d\u0259n g\u00f6r\u00fcnt\u00fcl\u0259rd\u0259 \u0259ks olunan bahal\u0131 n\u00f6mr\u0259l\u0259r ba\u015fqalar\u0131na m\u0259xsusdur. Tan\u0131nm\u0131\u015f jurnalist P\u0259rviz H\u0259\u015fimli d\u0259 s\u00f6z\u00fcged\u0259n avtomobilin Bala\u0259liy\u0259 aid olmad\u0131\u011f\u0131n\u0131 iddia edib. Onun s\u00f6zl\u0259rin\u0259 g\u00f6r\u0259 meyxana\u00e7\u0131 tez-tez l\u00fcks avtomill\u0259rin yan\u0131nda dayanaraq \u015f\u0259kil \u00e7\u0259kdirir v\u0259 \u00f6z\u00fcn\u00fc z\u0259ngin g\u00f6st\u0259rm\u0259y\u0259 \u00e7al\u0131\u015f\u0131r.<\/p>\n\n\n\n<p>Qeyd ed\u0259k ki, Bala\u0259linin 77-BM-777 n\u00f6mr\u0259li qeydiyyat ni\u015fan\u0131 bu ilin may ay\u0131nda 38 min manata sat\u0131\u015fa \u00e7\u0131xar\u0131lm\u0131\u015fd\u0131. \/&nbsp;Yenisabah.az<\/p>\n","protected":false},"excerpt":{"rendered":"<p>Meyxana\u00e7\u0131 Bala\u0259li Ma\u015fta\u011fal\u0131n\u0131n (Bala \u018fli Rzayev) bir m\u00fcdd\u0259t \u00f6nc\u0259 \u00f6z\u00fcn\u0259 l\u00fcks avtomobil almas\u0131 m\u00fczakir\u0259l\u0259r\u0259 s\u0259b\u0259b oldu.&nbsp; 37 ya\u015fl\u0131 s\u00f6z ustad\u0131n\u0131n BMW X7 markal\u0131 avtomobilinin 2023-c\u00fc il modelinin qiym\u0259ti 255 min manatd\u0131r.&nbsp; Bala\u0259linin z\u0259ngin h\u0259yat t\u0259rzi ke\u00e7irm\u0259sin\u0259 \u015f\u00fcbh\u0259 ed\u0259nl\u0259r d\u0259 var. B\u0259zi adamlar d\u00fc\u015f\u00fcn\u00fcr ki, meyxana\u00e7\u0131n\u0131n idar\u0259 etdiyi bahal\u0131 avtomobill\u0259r, o c\u00fcml\u0259d\u0259n g\u00f6r\u00fcnt\u00fcl\u0259rd\u0259 \u0259ks olunan bahal\u0131 &hellip;<\/p>\n","protected":false},"author":1,"featured_media":12610,"comment_status":"open","ping_status":"closed","sticky":false,"template":"","format":"standard","meta":{"footnotes":""},"categories":[3,6],"tags":[],"class_list":["post-12609","post","type-post","status-publish","format-standard","has-post-thumbnail","hentry","category-olke","category-maqazin"],"_links":{"self":[{"href":"https:\/\/millitv.net\/index.php?rest_route=\/wp\/v2\/posts\/12609","targetHints":{"allow":["GET"]}}],"collection":[{"href":"https:\/\/millitv.net\/index.php?rest_route=\/wp\/v2\/posts"}],"about":[{"href":"https:\/\/millitv.net\/index.php?rest_route=\/wp\/v2\/types\/post"}],"author":[{"embeddable":true,"href":"https:\/\/millitv.net\/index.php?rest_route=\/wp\/v2\/users\/1"}],"replies":[{"embeddable":true,"href":"https:\/\/millitv.net\/index.php?rest_route=%2Fwp%2Fv2%2Fcomments&post=12609"}],"version-history":[{"count":1,"href":"https:\/\/millitv.net\/index.php?rest_route=\/wp\/v2\/posts\/12609\/revisions"}],"predecessor-version":[{"id":12611,"href":"https:\/\/millitv.net\/index.php?rest_route=\/wp\/v2\/posts\/12609\/revisions\/12611"}],"wp:featuredmedia":[{"embeddable":true,"href":"https:\/\/millitv.net\/index.php?rest_route=\/wp\/v2\/media\/12610"}],"wp:attachment":[{"href":"https:\/\/millitv.net\/index.php?rest_route=%2Fwp%2Fv2%2Fmedia&parent=12609"}],"wp:term":[{"taxonomy":"category","embeddable":true,"href":"https:\/\/millitv.net\/index.php?rest_route=%2Fwp%2Fv2%2Fcategories&post=12609"},{"taxonomy":"post_tag","embeddable":true,"href":"https:\/\/millitv.net\/index.php?rest_route=%2Fwp%2Fv2%2Ftags&post=12609"}],"curies":[{"name":"wp","href":"https:\/\/api.w.org\/{rel}","templated":true}]}}