{"id":12597,"date":"2024-05-31T04:28:32","date_gmt":"2024-05-31T04:28:32","guid":{"rendered":"https:\/\/millitv.net\/?p=12597"},"modified":"2024-05-31T04:28:33","modified_gmt":"2024-05-31T04:28:33","slug":"iyun-ayinin-yarisi-qeyri-is-gunu-olacaq","status":"publish","type":"post","link":"https:\/\/millitv.net\/?p=12597","title":{"rendered":"\u0130yun ay\u0131n\u0131n yar\u0131s\u0131 qeyri-i\u015f g\u00fcn\u00fc olacaq"},"content":{"rendered":"\n<p><strong>\u0130yunda qeyri-i\u015f g\u00fcnl\u0259rinin say\u0131 m\u0259lum olub.<\/strong><\/p>\n\n\n\n<p>Bu, 2024-c\u00fc il \u00fc\u00e7\u00fcn i\u015f vaxt\u0131 normas\u0131nda g\u00f6st\u0259rilib.<\/p>\n\n\n\n<p><strong>Bildirilib ki, 15 iyun Milli Qurtulu\u015f G\u00fcn\u00fc, 16-17 iyun Qurban bayram\u0131, 26 iyun is\u0259 Az\u0259rbaycan Respublikas\u0131n\u0131n Silahl\u0131 Q\u00fcvv\u0259l\u0259ri G\u00fcn\u00fcd\u00fcr.<\/strong><\/p>\n\n\n\n<p>\u018fm\u0259k M\u0259c\u0259ll\u0259sin\u0259 \u0259sas\u0259n, h\u0259ft\u0259l\u0259raras\u0131 istirah\u0259t g\u00fcnl\u0259ri v\u0259 i\u015f g\u00fcn\u00fc hesab olunmayan bayram g\u00fcnl\u0259ri \u00fcst-\u00fcst\u0259 d\u00fc\u015f\u0259rs\u0259, h\u0259min istirah\u0259t g\u00fcn\u00fc bilavasit\u0259 bayram g\u00fcn\u00fcnd\u0259n sonrak\u0131 i\u015f g\u00fcn\u00fcn\u0259 ke\u00e7irilir.<\/p>\n\n\n\n<p><strong>Bu il 15 iyun \u015f\u0259nb\u0259, 16 iyun bazar g\u00fcn\u00fcn\u0259 t\u0259sad\u00fcf etdiyi \u00fc\u00e7\u00fcn 18 v\u0259 19 iyun tarixl\u0259ri d\u0259 qeyri-i\u015f g\u00fcnl\u0259ri olacaq.<\/strong><\/p>\n\n\n\n<p>Bununla da, ard\u0131c\u0131l olaraq 15, 16, 17, 18 v\u0259 19 iyun tarixl\u0259ri qeyri-i\u015f g\u00fcnl\u0259ridir.<\/p>\n\n\n\n<p><strong>H\u0259m\u00e7inin, iyunun 26-da Az\u0259rbaycan Respublikas\u0131n\u0131n Silahl\u0131 Q\u00fcvv\u0259l\u0259ri G\u00fcn\u00fc qeyd edil\u0259c\u0259k.<\/strong><\/p>\n\n\n\n<p>Bel\u0259likl\u0259, \u015f\u0259nb\u0259 v\u0259 bazar g\u00fcnl\u0259ri d\u0259 daxil olmaqla, iyunda 14 g\u00fcn qeyri-i\u015f g\u00fcn\u00fc olacaq.<\/p>\n","protected":false},"excerpt":{"rendered":"<p>\u0130yunda qeyri-i\u015f g\u00fcnl\u0259rinin say\u0131 m\u0259lum olub. Bu, 2024-c\u00fc il \u00fc\u00e7\u00fcn i\u015f vaxt\u0131 normas\u0131nda g\u00f6st\u0259rilib. Bildirilib ki, 15 iyun Milli Qurtulu\u015f G\u00fcn\u00fc, 16-17 iyun Qurban bayram\u0131, 26 iyun is\u0259 Az\u0259rbaycan Respublikas\u0131n\u0131n Silahl\u0131 Q\u00fcvv\u0259l\u0259ri G\u00fcn\u00fcd\u00fcr. \u018fm\u0259k M\u0259c\u0259ll\u0259sin\u0259 \u0259sas\u0259n, h\u0259ft\u0259l\u0259raras\u0131 istirah\u0259t g\u00fcnl\u0259ri v\u0259 i\u015f g\u00fcn\u00fc hesab olunmayan bayram g\u00fcnl\u0259ri \u00fcst-\u00fcst\u0259 d\u00fc\u015f\u0259rs\u0259, h\u0259min istirah\u0259t g\u00fcn\u00fc bilavasit\u0259 bayram g\u00fcn\u00fcnd\u0259n sonrak\u0131 &hellip;<\/p>\n","protected":false},"author":1,"featured_media":12598,"comment_status":"open","ping_status":"closed","sticky":false,"template":"","format":"standard","meta":{"footnotes":""},"categories":[3,8],"tags":[],"class_list":["post-12597","post","type-post","status-publish","format-standard","has-post-thumbnail","hentry","category-olke","category-maraqli"],"_links":{"self":[{"href":"https:\/\/millitv.net\/index.php?rest_route=\/wp\/v2\/posts\/12597","targetHints":{"allow":["GET"]}}],"collection":[{"href":"https:\/\/millitv.net\/index.php?rest_route=\/wp\/v2\/posts"}],"about":[{"href":"https:\/\/millitv.net\/index.php?rest_route=\/wp\/v2\/types\/post"}],"author":[{"embeddable":true,"href":"https:\/\/millitv.net\/index.php?rest_route=\/wp\/v2\/users\/1"}],"replies":[{"embeddable":true,"href":"https:\/\/millitv.net\/index.php?rest_route=%2Fwp%2Fv2%2Fcomments&post=12597"}],"version-history":[{"count":1,"href":"https:\/\/millitv.net\/index.php?rest_route=\/wp\/v2\/posts\/12597\/revisions"}],"predecessor-version":[{"id":12599,"href":"https:\/\/millitv.net\/index.php?rest_route=\/wp\/v2\/posts\/12597\/revisions\/12599"}],"wp:featuredmedia":[{"embeddable":true,"href":"https:\/\/millitv.net\/index.php?rest_route=\/wp\/v2\/media\/12598"}],"wp:attachment":[{"href":"https:\/\/millitv.net\/index.php?rest_route=%2Fwp%2Fv2%2Fmedia&parent=12597"}],"wp:term":[{"taxonomy":"category","embeddable":true,"href":"https:\/\/millitv.net\/index.php?rest_route=%2Fwp%2Fv2%2Fcategories&post=12597"},{"taxonomy":"post_tag","embeddable":true,"href":"https:\/\/millitv.net\/index.php?rest_route=%2Fwp%2Fv2%2Ftags&post=12597"}],"curies":[{"name":"wp","href":"https:\/\/api.w.org\/{rel}","templated":true}]}}